{"id":7941,"date":"2017-09-18T16:00:37","date_gmt":"2017-09-18T14:00:37","guid":{"rendered":"http:\/\/www.messinaoggi.it\/website\/?p=7941"},"modified":"2017-09-18T16:00:37","modified_gmt":"2017-09-18T14:00:37","slug":"interdonato-e-mondello-istituire-servizio-scuolabus-tra-mili-s-pietro-e-larderia-inferiore","status":"publish","type":"post","link":"https:\/\/www.messinaoggi.it\/website\/2017\/09\/18\/interdonato-e-mondello-istituire-servizio-scuolabus-tra-mili-s-pietro-e-larderia-inferiore\/","title":{"rendered":"Interdonato e Mondello: &#039;Istituire servizio scuolabus tra Mili S. Pietro e Larderia inferiore&#039;"},"content":{"rendered":"<p style=\"text-align: justify\">\u00c8 iniziato il nuovo anno scolastico e, in tal senso, i consiglieri comunali Antonino Interdonato e Franco Mondello chiedono nuovamente alla giunta Accorinti di istituire un servizio Scuola Bus che copra l&#8217;area compresa tra il villaggio di Mili S. Pietro ed il plesso scolastico di Larderia Inferiore, in quanto la scuola di Mili S. Pietro \u00e8 inagibile. Nuovamente perch\u00e9 effettivamente c&#8217;era stato gi\u00e0 un primo sollecito lo scorso marted\u00ec, ma il dipartimento interessato ha fatto sapere che tale servizio non pu\u00f2 al momento essere erogato poich\u00e9 non sussiste attualmente nessuna convenzione con l&#8217;ATM,\u00a0evidenziando inoltre che la stessa convenzione pu\u00f2 essere adottata esclusivamente a seguito dell\u2019approvazione del bilancio di previsione 2017.<div id=\"div-gpt-ad-Messinaoggi.it-DSK-300x250-corpoart\" style=\"text-align:center;margin:0 auto;\"><\/div><\/p>\n<p style=\"text-align: justify\">\u201cRilevato che l&#8217;Amministrazione a tutt&#8217;oggi non si \u00e8 posta nelle condizioni di comprendere i disagi arrecati agli alunni della scuola dell\u2019obbligo che giornalmente devono subire una condizione di stress, e che i genitori degli stessi si sobbarcano con gravi disagi e spese economiche; &#8211; spiegano i consiglieri comunali &#8211; chiediamo al Signor Sindaco, Renato Accorinti, di emanare all\u2019assessore delegato alle politiche finanziarie di prevedere le necessarie risorse nel bilancio 2017 al fine di poter provvedere alla stipula di convenzione per l\u2019erogazione del servizio Scula Bus\u201d.<div id=\"videoincontent\" style=\"clear:both\";><\/div><\/p>\n","protected":false},"excerpt":{"rendered":"<p>\u00c8 iniziato il nuovo anno scolastico e, in tal senso, i consiglieri comunali Antonino Interdonato e Franco Mondello chiedono nuovamente alla giunta Accorinti di istituire un servizio Scuola Bus che copra l&#8217;area compresa tra il villaggio di Mili S. Pietro ed il plesso scolastico di Larderia Inferiore, in quanto la scuola di Mili S. Pietro [&hellip;]<\/p>\n","protected":false},"author":8,"featured_media":7942,"comment_status":"closed","ping_status":"open","sticky":false,"template":"","format":"standard","meta":{"ub_ctt_via":"","_mi_skip_tracking":false},"categories":[7],"tags":[],"featured_image_src":"https:\/\/www.messinaoggi.it\/website\/wp-content\/uploads\/2017\/09\/scuolabus-2.jpg","author_info":{"display_name":"red..me","author_link":"https:\/\/www.messinaoggi.it\/website\/author\/redstage\/"},"digistream_id":0,"digistream":false,"_links":{"self":[{"href":"https:\/\/www.messinaoggi.it\/website\/wp-json\/wp\/v2\/posts\/7941"}],"collection":[{"href":"https:\/\/www.messinaoggi.it\/website\/wp-json\/wp\/v2\/posts"}],"about":[{"href":"https:\/\/www.messinaoggi.it\/website\/wp-json\/wp\/v2\/types\/post"}],"author":[{"embeddable":true,"href":"https:\/\/www.messinaoggi.it\/website\/wp-json\/wp\/v2\/users\/8"}],"replies":[{"embeddable":true,"href":"https:\/\/www.messinaoggi.it\/website\/wp-json\/wp\/v2\/comments?post=7941"}],"version-history":[{"count":0,"href":"https:\/\/www.messinaoggi.it\/website\/wp-json\/wp\/v2\/posts\/7941\/revisions"}],"wp:featuredmedia":[{"embeddable":true,"href":"https:\/\/www.messinaoggi.it\/website\/wp-json\/wp\/v2\/media\/7942"}],"wp:attachment":[{"href":"https:\/\/www.messinaoggi.it\/website\/wp-json\/wp\/v2\/media?parent=7941"}],"wp:term":[{"taxonomy":"category","embeddable":true,"href":"https:\/\/www.messinaoggi.it\/website\/wp-json\/wp\/v2\/categories?post=7941"},{"taxonomy":"post_tag","embeddable":true,"href":"https:\/\/www.messinaoggi.it\/website\/wp-json\/wp\/v2\/tags?post=7941"}],"curies":[{"name":"wp","href":"https:\/\/api.w.org\/{rel}","templated":true}]}}