{"id":7937,"date":"2017-09-18T12:30:55","date_gmt":"2017-09-18T10:30:55","guid":{"rendered":"http:\/\/www.messinaoggi.it\/website\/?p=7937"},"modified":"2017-09-18T12:30:55","modified_gmt":"2017-09-18T10:30:55","slug":"pd-area-orlando-nasce-sinistra-laburisti-di-messina-francesco-di-stefano-coordinatore-provinciale","status":"publish","type":"post","link":"https:\/\/www.messinaoggi.it\/website\/2017\/09\/18\/pd-area-orlando-nasce-sinistra-laburisti-di-messina-francesco-di-stefano-coordinatore-provinciale\/","title":{"rendered":"PD-Area Orlando: nasce Sinistra-Laburisti di Messina. Francesco Di Stefano coordinatore provinciale"},"content":{"rendered":"<p align=\"JUSTIFY\"><span style=\"color: #000000\"><span style=\"font-family: Arial, sans-serif\"><span style=\"font-size: medium\">Sar\u00e0 Francesco Di Stefano, giovane pattese membro della direzione provinciale del PD messinese, il coordinatore provinciale della neonata Sinistra PD-Laburisti di Messina, la componente politica dell&#8217;area Orlando, che ha nel Presidente della Commissione Lavoro alla Camera dei Deputati, Cesare Damiano, il proprio riferimento nazionale, che ha l&#8217;obiettivo di offrire un forte contributo dentro il Pd e nella societ\u00e0 sui temi del lavoro, dei diritti e del rilancio dell\u2019economia e dello sviluppo sostenibile dell\u2019Isola.<\/span><\/span><\/span><div id=\"div-gpt-ad-Messinaoggi.it-DSK-300x250-corpoart\" style=\"text-align:center;margin:0 auto;\"><\/div><\/p>\n<p align=\"JUSTIFY\"><span style=\"color: #000000\"><span style=\"font-family: Arial, sans-serif\"><span style=\"font-size: medium\">&#8220;\u00c8 necessario \u2013 evidenzia Di Stefano &#8211; che il lavoro e i suoi diritti, i temi dell&#8217;uguaglianza e dell&#8217;inclusione sociale tornino nuovamente centrali nel programma politico del Partito Democratico. La provincia di Messina, considerati gli ultimi allarmati dati, ha bisogno immediatamente di un piano per il rilancio occupazionale e maggiori investimenti sul territorio, valorizzando le nostre innumerevoli risorse, partendo dalle specificit\u00e0 dei territori, dalle loro vocazioni produttive, culturali e turistiche, affinch\u00e9 venga contrastato fattivamente il fortissimo disagio sociale causato dalla mancanza di opportunit\u00e0 lavorative e prospettive di sviluppo, soprattutto presente tra i giovani&#8221;.<\/span><\/span><\/span><div id=\"videoincontent\" style=\"clear:both\";><\/div><\/p>\n<p align=\"JUSTIFY\"><span style=\"color: #000000\"><span style=\"font-family: Arial, sans-serif\"><span style=\"font-size: medium\">Il Coordinamento, oltre a Di Stefano, \u00e8 composto da Lucia Collorafi, Giuseppe Di Guardo, Franco Di Renzo, Carmelo Garufi, Pina Isgr\u00f2, Calogero Lionetto, Stefano Maio, Antonino Massimino, Giovanni Mastroeni, Patrizia Dai, Angela Passari.<\/span><\/span><\/span><\/p>\n","protected":false},"excerpt":{"rendered":"<p>Sar\u00e0 Francesco Di Stefano, giovane pattese membro della direzione provinciale del PD messinese, il coordinatore provinciale della neonata Sinistra PD-Laburisti di Messina, la componente politica dell&#8217;area Orlando, che ha nel Presidente della Commissione Lavoro alla Camera dei Deputati, Cesare Damiano, il proprio riferimento nazionale, che ha l&#8217;obiettivo di offrire un forte contributo dentro il Pd [&hellip;]<\/p>\n","protected":false},"author":8,"featured_media":7938,"comment_status":"closed","ping_status":"open","sticky":false,"template":"","format":"standard","meta":{"ub_ctt_via":"","_mi_skip_tracking":false},"categories":[4],"tags":[],"featured_image_src":"https:\/\/www.messinaoggi.it\/website\/wp-content\/uploads\/2017\/09\/Francesco-Di-Stefano-2.jpg","author_info":{"display_name":"red..me","author_link":"https:\/\/www.messinaoggi.it\/website\/author\/redstage\/"},"digistream_id":0,"digistream":false,"_links":{"self":[{"href":"https:\/\/www.messinaoggi.it\/website\/wp-json\/wp\/v2\/posts\/7937"}],"collection":[{"href":"https:\/\/www.messinaoggi.it\/website\/wp-json\/wp\/v2\/posts"}],"about":[{"href":"https:\/\/www.messinaoggi.it\/website\/wp-json\/wp\/v2\/types\/post"}],"author":[{"embeddable":true,"href":"https:\/\/www.messinaoggi.it\/website\/wp-json\/wp\/v2\/users\/8"}],"replies":[{"embeddable":true,"href":"https:\/\/www.messinaoggi.it\/website\/wp-json\/wp\/v2\/comments?post=7937"}],"version-history":[{"count":0,"href":"https:\/\/www.messinaoggi.it\/website\/wp-json\/wp\/v2\/posts\/7937\/revisions"}],"wp:featuredmedia":[{"embeddable":true,"href":"https:\/\/www.messinaoggi.it\/website\/wp-json\/wp\/v2\/media\/7938"}],"wp:attachment":[{"href":"https:\/\/www.messinaoggi.it\/website\/wp-json\/wp\/v2\/media?parent=7937"}],"wp:term":[{"taxonomy":"category","embeddable":true,"href":"https:\/\/www.messinaoggi.it\/website\/wp-json\/wp\/v2\/categories?post=7937"},{"taxonomy":"post_tag","embeddable":true,"href":"https:\/\/www.messinaoggi.it\/website\/wp-json\/wp\/v2\/tags?post=7937"}],"curies":[{"name":"wp","href":"https:\/\/api.w.org\/{rel}","templated":true}]}}