{"id":7928,"date":"2017-09-18T10:48:50","date_gmt":"2017-09-18T08:48:50","guid":{"rendered":"http:\/\/www.messinaoggi.it\/website\/?p=7928"},"modified":"2017-09-18T10:48:50","modified_gmt":"2017-09-18T08:48:50","slug":"cittadinanzattiva-dibatte-sui-temi-della-sanita-in-sicilia","status":"publish","type":"post","link":"https:\/\/www.messinaoggi.it\/website\/2017\/09\/18\/cittadinanzattiva-dibatte-sui-temi-della-sanita-in-sicilia\/","title":{"rendered":"CittadinanzAttiva dibatte sui temi della Sanit\u00e0 in Sicilia"},"content":{"rendered":"<p class=\"p1\"><span class=\"s1\">L&#8217;Auditorium dell&#8217;istituto Antonello l&#8217;incontro promosso da CittadinanzAttiva Sicilia Onlus su &#8220;I Cittadini e la Salute nella riorganizzazione del Servizio Sanitario Regionale&#8221;. La tavola rotonda \u00e8 stata moderata dall&#8217; avv. Silvana Paratore.<\/span><div id=\"div-gpt-ad-Messinaoggi.it-DSK-300x250-corpoart\" style=\"text-align:center;margin:0 auto;\"><\/div><\/p>\n<p class=\"p1\"><span class=\"s1\">Dopo l&#8217;intervento iniziale di Giuseppe Pracanica, Presidente di CittadinanzAttiva Sicilia Onlus, che ha lanciato alcuni argomenti trattati dal convegno dichiarando: &#8220;Si doveva calare il decreto Balduzzi nella nostra realt\u00e0, con la maggior attenzione possibile alle esigenze delle collettivit\u00e0 locali, invece il tutto \u00e8 passato sulle nostre teste, senza che nessuno sentisse l&#8217;esigenza di consultare i cittadini o, quanto meno, i rappresentanti delle autonomie locali. Tra l&#8217;altro si sono cancellate due strutture ospedaliere che dovevano essere complementari, Milazzo e Barcellona, \u00a0e si \u00e8 tolto qualsiasi significativo ruolo all&#8217;ospedale Papardo. Questi sono argomenti che CittadinanzAttiva Sicilia segue da tempo, con passione e su cui non abbasser\u00e0 mai la guardia&#8221;. Dopo i saluti della Vice preside dell&#8217; Istituto Antonello la prof. Antonella Rigano, sono seguiti i seguenti relatori: Andrea Supporta, Domenico Runci, Vincemzo Terzi e Antonio Giardina. \u00a0<\/span><div id=\"videoincontent\" style=\"clear:both\";><\/div><\/p>\n<p class=\"p1\"><span class=\"s1\">Andrea Supporta, coordinatore regionale del Tribunale dei diritti del malato, il quale si \u00e8 soffermato sulla Riorganizzazione del P.I.T. in Sicilia. Domenico Runci, responsabile della Gestione Clinica ed Organizzativa della C. A. 118 di Messina e Provincia, che ha parlato delle &#8220;Reti tempo &#8211; dipendenti nella macro area di Messina e Provincia\u201d ed ha documentato quali sono state le ripercussioni sulla rete del 118 delle scelte regionali. Sono stati proiettati inoltre gli interventi effettuati dal 118 nel corso del 2016 divisi in : Codici Rossi, Codici Gialli e Codici verdi. Antonio Giardina, ha sollevato problemi di metodo e di strategia alla riorganizzazione della Rete Ospedaliera e dei servizi territoriali. A seguire Vincenzo Terzi, che ha delineato la storia del mancato avvio del Centro Oncologico di eccellenza &#8220;Papardo&#8221; di Messina.<\/span><\/p>\n<p class=\"p2\"><span class=\"s1\">I lavori sono stati conclusi dall&#8217;intervento di Tonino Aceti, Coordinatore nazionale del TDM Tribunale Diritti del Malato, il quale ha ringraziato la dirigenza siciliana di CittadinanzAttiva, &#8220;vi posso assicurare che voi siciliani siete unici nel vostro impegno, oggi \u00a0voglio diffondere questo messaggio che pochi conoscono, riguardante la Sanit\u00e0 Pubblica, il &#8220;Non ce lo possiamo permettere&#8221;, non esiste perch\u00e9 la Corte dei Conti ha accertato che la Sanit\u00e0 Pubblica \u00e8 in attivo da tre anni e la cosa grave \u00e8 che gli utili non si rinvestono nella Sanit\u00e0 Pubblica, ma vengono distratti a soddisfare altre esigenze di minore interesse per la collettivit\u00e0, ed \u00e8 ancora pi\u00f9 grave il fatto che i media non ne parlano&#8221;.<\/span><\/p>\n<p class=\"p1\"><span class=\"s1\">Al dibattito ha preso parte il Commissario Michele Vullo, \u00a0il prof. Giuseppe Sobbrio ed altri. Il commissario Vullo, si \u00e8 soffermato sui veri nodi del Servizio Sanitario Siciliano, che deve guardare con lungimiranza in prospettiva seguendo l&#8217;evolversi del tempo, per stare collegati con ci\u00f2 che ci circonda e alle reali esigenze della Sanit\u00e0 Pubblica&#8221;. Il prof. Sobbrio, ha evidenziato il fatto che ci sono troppi interessi di parte, che limitano e tutelano gli interessi di pochi a discapito della Sanit\u00e0 regionale.<\/span><\/p>\n<p class=\"p1\"><span class=\"s1\">In conclusione il Segretario di CittadinanzAttiva Sicilia Giuseppe Greco, che ha presieduto i lavori, ha confermato un cambiamento in atto della strategia nell&#8217;impegno sociale in Sicilia: &#8220;stiamo affinando con l&#8217;aiuto di tutti le nostre azioni per cercare di centrare gli obiettivi, con qualit\u00e0 e rapidit\u00e0 d&#8217;azione&#8221;. \u00a0<\/span><\/p>\n","protected":false},"excerpt":{"rendered":"<p>L&#8217;Auditorium dell&#8217;istituto Antonello l&#8217;incontro promosso da CittadinanzAttiva Sicilia Onlus su &#8220;I Cittadini e la Salute nella riorganizzazione del Servizio Sanitario Regionale&#8221;. La tavola rotonda \u00e8 stata moderata dall&#8217; avv. Silvana Paratore. Dopo l&#8217;intervento iniziale di Giuseppe Pracanica, Presidente di CittadinanzAttiva Sicilia Onlus, che ha lanciato alcuni argomenti trattati dal convegno dichiarando: &#8220;Si doveva calare il [&hellip;]<\/p>\n","protected":false},"author":2,"featured_media":7929,"comment_status":"closed","ping_status":"open","sticky":false,"template":"","format":"standard","meta":{"ub_ctt_via":"","_mi_skip_tracking":false},"categories":[5],"tags":[],"featured_image_src":"https:\/\/www.messinaoggi.it\/website\/wp-content\/uploads\/2017\/09\/CittadinanzAttiva-04-2.jpg","author_info":{"display_name":"Redazione","author_link":"https:\/\/www.messinaoggi.it\/website\/author\/redazione\/"},"digistream_id":0,"digistream":false,"_links":{"self":[{"href":"https:\/\/www.messinaoggi.it\/website\/wp-json\/wp\/v2\/posts\/7928"}],"collection":[{"href":"https:\/\/www.messinaoggi.it\/website\/wp-json\/wp\/v2\/posts"}],"about":[{"href":"https:\/\/www.messinaoggi.it\/website\/wp-json\/wp\/v2\/types\/post"}],"author":[{"embeddable":true,"href":"https:\/\/www.messinaoggi.it\/website\/wp-json\/wp\/v2\/users\/2"}],"replies":[{"embeddable":true,"href":"https:\/\/www.messinaoggi.it\/website\/wp-json\/wp\/v2\/comments?post=7928"}],"version-history":[{"count":0,"href":"https:\/\/www.messinaoggi.it\/website\/wp-json\/wp\/v2\/posts\/7928\/revisions"}],"wp:featuredmedia":[{"embeddable":true,"href":"https:\/\/www.messinaoggi.it\/website\/wp-json\/wp\/v2\/media\/7929"}],"wp:attachment":[{"href":"https:\/\/www.messinaoggi.it\/website\/wp-json\/wp\/v2\/media?parent=7928"}],"wp:term":[{"taxonomy":"category","embeddable":true,"href":"https:\/\/www.messinaoggi.it\/website\/wp-json\/wp\/v2\/categories?post=7928"},{"taxonomy":"post_tag","embeddable":true,"href":"https:\/\/www.messinaoggi.it\/website\/wp-json\/wp\/v2\/tags?post=7928"}],"curies":[{"name":"wp","href":"https:\/\/api.w.org\/{rel}","templated":true}]}}