{"id":7918,"date":"2017-09-18T08:41:12","date_gmt":"2017-09-18T06:41:12","guid":{"rendered":"http:\/\/www.messinaoggi.it\/website\/?p=7918"},"modified":"2017-09-18T08:41:12","modified_gmt":"2017-09-18T06:41:12","slug":"ponte-sul-torrente-pace-a-rischio-lambraio-sollecita-un-sopralluogo","status":"publish","type":"post","link":"https:\/\/www.messinaoggi.it\/website\/2017\/09\/18\/ponte-sul-torrente-pace-a-rischio-lambraio-sollecita-un-sopralluogo\/","title":{"rendered":"&quot;Ponte sul torrente Pace a rischio&quot;: Lambraio sollecita un sopralluogo"},"content":{"rendered":"<p>Una segnalazione che suona come un campanello d&#8217;allarme. La fa il consigliere della VI Circoscrizione, Antonio Lambraio: &#8220;Chiedo agli organi preposti di effettuare con la massima urgenza un sopralluogo per visionare lo stato dei luoghi\u00a0 del ponte che attraversa il Torrente Pace , dove qualche giorno fa, ho potuto verificare personalmente che da sotto il ponte vi sono notevoli fuoriuscite d\u2019acqua che gocciolano sulla strada \u00a0dove transitano auto e moto in direzione monte mare del Torrente Pace.<br \/>\nVisto che, il ponte fa parte della Panoramica dello Stretto ed \u00e8 attraversato giornalmente da migliaia di auto e mezzi pesanti che con il loro peso gravano sulla stabilit\u00e0 del ponte stesso, sarebbe necessario intervenire al pi\u00f9 presto per arrestare queste perdite in modo tale da non compromettere la sicurezza\u00a0 della struttura, evitando cos\u00ec possibili tragedie&#8221;.<div id=\"div-gpt-ad-Messinaoggi.it-DSK-300x250-corpoart\" style=\"text-align:center;margin:0 auto;\"><\/div><\/p>\n<div id=\"videoincontent\" style=\"clear:both\";><\/div>","protected":false},"excerpt":{"rendered":"<p>Una segnalazione che suona come un campanello d&#8217;allarme. La fa il consigliere della VI Circoscrizione, Antonio Lambraio: &#8220;Chiedo agli organi preposti di effettuare con la massima urgenza un sopralluogo per visionare lo stato dei luoghi\u00a0 del ponte che attraversa il Torrente Pace , dove qualche giorno fa, ho potuto verificare personalmente che da sotto il [&hellip;]<\/p>\n","protected":false},"author":2,"featured_media":7919,"comment_status":"closed","ping_status":"open","sticky":false,"template":"","format":"standard","meta":{"ub_ctt_via":"","_mi_skip_tracking":false},"categories":[5],"tags":[],"featured_image_src":"https:\/\/www.messinaoggi.it\/website\/wp-content\/uploads\/2017\/09\/ponte-sul-torrente-pace-a-rischio-2.png","author_info":{"display_name":"Redazione","author_link":"https:\/\/www.messinaoggi.it\/website\/author\/redazione\/"},"digistream_id":0,"digistream":false,"_links":{"self":[{"href":"https:\/\/www.messinaoggi.it\/website\/wp-json\/wp\/v2\/posts\/7918"}],"collection":[{"href":"https:\/\/www.messinaoggi.it\/website\/wp-json\/wp\/v2\/posts"}],"about":[{"href":"https:\/\/www.messinaoggi.it\/website\/wp-json\/wp\/v2\/types\/post"}],"author":[{"embeddable":true,"href":"https:\/\/www.messinaoggi.it\/website\/wp-json\/wp\/v2\/users\/2"}],"replies":[{"embeddable":true,"href":"https:\/\/www.messinaoggi.it\/website\/wp-json\/wp\/v2\/comments?post=7918"}],"version-history":[{"count":0,"href":"https:\/\/www.messinaoggi.it\/website\/wp-json\/wp\/v2\/posts\/7918\/revisions"}],"wp:featuredmedia":[{"embeddable":true,"href":"https:\/\/www.messinaoggi.it\/website\/wp-json\/wp\/v2\/media\/7919"}],"wp:attachment":[{"href":"https:\/\/www.messinaoggi.it\/website\/wp-json\/wp\/v2\/media?parent=7918"}],"wp:term":[{"taxonomy":"category","embeddable":true,"href":"https:\/\/www.messinaoggi.it\/website\/wp-json\/wp\/v2\/categories?post=7918"},{"taxonomy":"post_tag","embeddable":true,"href":"https:\/\/www.messinaoggi.it\/website\/wp-json\/wp\/v2\/tags?post=7918"}],"curies":[{"name":"wp","href":"https:\/\/api.w.org\/{rel}","templated":true}]}}