{"id":78889,"date":"2021-09-04T15:43:47","date_gmt":"2021-09-04T13:43:47","guid":{"rendered":"http:\/\/www.messinaoggi.it\/website\/?p=78889"},"modified":"2021-09-05T09:54:01","modified_gmt":"2021-09-05T07:54:01","slug":"falcone-ponte-sullo-stretto-essenziale-contro-ingorghi","status":"publish","type":"post","link":"https:\/\/www.messinaoggi.it\/website\/2021\/09\/04\/falcone-ponte-sullo-stretto-essenziale-contro-ingorghi\/","title":{"rendered":"Falcone: &#8220;Ponte sullo Stretto essenziale contro ingorghi&#8221;"},"content":{"rendered":"\n<p>Si sta per concludere un&#8217;estate caratterizzata da ingorghi e disagi interminabili intorno allo Stretto di Messina, per attraversarlo sia in un senso che nell&#8217;altro. L&#8217;ondata di visitatori registrata in Sicilia e in Calabria ha evidenziato ancora una volta quanto sia anacronistica l&#8217;assenza di un collegamento stabile fra Scilla e Cariddi, fra la nostra Isola e il Continente. Ecco perch\u00e9 le parole del vicesegretario del Pd Provenzano, a proposito del Ponte sullo Stretto e dei treni ad alta velocit\u00e0 in Sicilia, appaiono quasi come dissociate dalla realt\u00e0, oltre che infondate sul piano tecnico&#8221; . Lo afferma l&#8217;assessore alle Infrastrutture della Regione Siciliana, Marco Falcone, commentando le affermazioni dell&#8217;esponente politico al Festival &#8220;Trame 10&#8221; di Lamezia Terme che ieri aveva affermato: &#8220;Sul ponte sullo stretto non ho mai fatto una questione ideologica. Ho sempre detto che ci sono delle priorit\u00e0, a cominciare dal realizzare l&#8217;alta velocit\u00e0, perch\u00e9 nessuno mi convincer\u00e0 che in Calabria e Sicilia bisogna aspettare il ponte per avere l&#8217;alta velocit\u00e0 e dare servizi ai cittadini&#8221;. &#8220;Infatti &#8211; prosegue Falcone &#8211; non \u00e8 chiaro quale soluzione logistica consentirebbe di smontare i treni ad alta velocit\u00e0 a Villa San Giovanni, imbarcarli su traghetto e rimontarli a Messina. Non occorre essere degli esperti per capire che chi scinde l&#8217;alta velocit\u00e0 ferroviaria dalla necessit\u00e0 storica del Ponte dice una cosa senza senso. Al tempo del governo Conte II, assieme al presidente Musumeci incontrammo l&#8217;allora ministro Provenzano assieme al ministro De Micheli, per approfondire il tema del collegamento stabile sullo Stretto e delle infrastrutture in Sicilia. Proprio in quell&#8217;occasione, Provenzano si disse convinto dell&#8217;importanza strategica del Ponte, superando quel pregiudizio ideologico che forse oggi ha ripreso il sopravvento&#8221;.<div id=\"div-gpt-ad-Messinaoggi.it-DSK-300x250-corpoart\" style=\"text-align:center;margin:0 auto;\"><\/div><\/p>\n<div id=\"videoincontent\" style=\"clear:both\";><\/div>","protected":false},"excerpt":{"rendered":"<p>Si sta per concludere un&#8217;estate caratterizzata da ingorghi e disagi interminabili intorno allo Stretto di Messina, per attraversarlo sia in un senso che nell&#8217;altro. L&#8217;ondata di visitatori registrata in Sicilia e in Calabria ha evidenziato ancora una volta quanto sia anacronistica l&#8217;assenza di un collegamento stabile fra Scilla e Cariddi, fra la nostra Isola e [&hellip;]<\/p>\n","protected":false},"author":4,"featured_media":48727,"comment_status":"open","ping_status":"open","sticky":false,"template":"","format":"standard","meta":{"ub_ctt_via":"","_mi_skip_tracking":false},"categories":[19,4],"tags":[579,630],"featured_image_src":"https:\/\/www.messinaoggi.it\/website\/wp-content\/uploads\/2020\/11\/Lassessore-Marco-Falcone.jpg","author_info":{"display_name":"redme","author_link":"https:\/\/www.messinaoggi.it\/website\/author\/redme\/"},"digistream_id":0,"digistream":false,"_links":{"self":[{"href":"https:\/\/www.messinaoggi.it\/website\/wp-json\/wp\/v2\/posts\/78889"}],"collection":[{"href":"https:\/\/www.messinaoggi.it\/website\/wp-json\/wp\/v2\/posts"}],"about":[{"href":"https:\/\/www.messinaoggi.it\/website\/wp-json\/wp\/v2\/types\/post"}],"author":[{"embeddable":true,"href":"https:\/\/www.messinaoggi.it\/website\/wp-json\/wp\/v2\/users\/4"}],"replies":[{"embeddable":true,"href":"https:\/\/www.messinaoggi.it\/website\/wp-json\/wp\/v2\/comments?post=78889"}],"version-history":[{"count":1,"href":"https:\/\/www.messinaoggi.it\/website\/wp-json\/wp\/v2\/posts\/78889\/revisions"}],"predecessor-version":[{"id":78890,"href":"https:\/\/www.messinaoggi.it\/website\/wp-json\/wp\/v2\/posts\/78889\/revisions\/78890"}],"wp:featuredmedia":[{"embeddable":true,"href":"https:\/\/www.messinaoggi.it\/website\/wp-json\/wp\/v2\/media\/48727"}],"wp:attachment":[{"href":"https:\/\/www.messinaoggi.it\/website\/wp-json\/wp\/v2\/media?parent=78889"}],"wp:term":[{"taxonomy":"category","embeddable":true,"href":"https:\/\/www.messinaoggi.it\/website\/wp-json\/wp\/v2\/categories?post=78889"},{"taxonomy":"post_tag","embeddable":true,"href":"https:\/\/www.messinaoggi.it\/website\/wp-json\/wp\/v2\/tags?post=78889"}],"curies":[{"name":"wp","href":"https:\/\/api.w.org\/{rel}","templated":true}]}}