{"id":78606,"date":"2021-09-02T10:07:35","date_gmt":"2021-09-02T08:07:35","guid":{"rendered":"https:\/\/www.messinaoggi.it\/website\/2021\/09\/02\/pil-e-occupazione-sud-sempre-piu-distante-dal-resto-ditalia\/"},"modified":"2021-09-02T10:07:35","modified_gmt":"2021-09-02T08:07:35","slug":"pil-e-occupazione-sud-sempre-piu-distante-dal-resto-ditalia","status":"publish","type":"post","link":"https:\/\/www.messinaoggi.it\/website\/2021\/09\/02\/pil-e-occupazione-sud-sempre-piu-distante-dal-resto-ditalia\/","title":{"rendered":"Pil e occupazione, Sud sempre pi\u00f9 distante dal resto d\u2019Italia"},"content":{"rendered":"<div>ROMA (ITALPRESS) &#8211; Negli ultimi 25 anni la riduzione degli occupati, come conseguenza della perdita di popolazione (soprattutto giovanile, -1,6 milioni), e i deficit di lungo corso &#8211; in particolare eccesso di burocrazia, illegalit\u00e0 diffusa, carenze infrastrutturali e minore qualit\u00e0 del capitale umano &#8211; hanno, di fatto, determinato un continuo e progressivo calo del Pil prodotto dal Sud ampliando ulteriormente i divari con le altre aree del Paese. E&#8217; quanto emerge da un&#8217;analisi dell&#8217;Ufficio Studi Confcommercio su economia e occupazione al Sud dal 1995 ad oggi.<br \/>Tra il 1995 e il 2020, infatti, il peso percentuale della ricchezza prodotta da quest&#8217;area sul totale Italia si \u00e8 ridotto passando da poco pi\u00f9 del 24% al 22%, mentre il Pil pro capite \u00e8 sempre rimasto intorno alla met\u00e0 di quello del Nord e nel 2020 \u00e8 risultato pari a 18.200 euro contro 34.300 euro nel Nord-Ovest e 32.900 euro nel Nord-Est.<br \/>Tuttavia, nel 2020, l&#8217;impatto della crisi da Covid-19 al Sud \u00e8 stato pi\u00f9 contenuto rispetto alle altre aree del Paese che hanno patito maggiormente il blocco delle attivit\u00e0 produttive durante la pandemia (Pil -8,4% contro il -9,1% al Nord rispetto al 2019); ma la fragilit\u00e0 dell&#8217;economia meridionale emerge anche dalle dinamiche del mercato del lavoro che, tra il 1995 e il 2019, ha registrato una crescita dell&#8217;occupazione 4 volte inferiore alla media nazionale (4,1% contro il 16,4%), con distanze ancora maggiori rispetto alle regioni del Centro e del Nord.<br \/>Il Prodotto interno lordo del Sud in poco pi\u00f9 di venti anni \u00e8 passato da oltre il 24% al 22% sul totale del Paese. Le ragioni sono molteplici, ma per Confcommercio le principali sono due: la decrescente produttivit\u00e0 totale dei fattori, conseguenza dei gap di contesto che affliggono le economie delle regioni meridionali in particolare, e la riduzione degli occupati, conseguenza della riduzione della popolazione residente.<br \/>&#8220;Rilancio dell&#8217;economia, grazie ai vaccini, e piano nazionale di ripresa sono un&#8217;opportunit\u00e0 irripetibile per il nostro Mezzogiorno. In particolare, le risorse del Pnrr destinate al Sud, circa 82 miliardi, permettono di sviluppare e innovare le infrastrutture di quest&#8217;area. E migliori infrastrutture significano anche migliore offerta turistica che \u00e8 la straordinaria risorsa del meridione&#8221;, commenta il presidente di Confcommercio, Carlo Sangalli.<br \/>(ITALPRESS).<\/div>\n<div id=\"div-gpt-ad-Messinaoggi.it-DSK-300x250-corpoart\" style=\"text-align:center;margin:0 auto;\"><\/div><\/p><div id=\"videoincontent\" style=\"clear:both\";><\/div>","protected":false},"excerpt":{"rendered":"<p>ROMA (ITALPRESS) &#8211; Negli ultimi 25 anni la riduzione degli occupati, come conseguenza della perdita di popolazione (soprattutto giovanile, -1,6 milioni), e i deficit di lungo corso &#8211; in particolare eccesso di burocrazia, illegalit\u00e0 diffusa, carenze infrastrutturali e minore qualit\u00e0 del capitale umano &#8211; hanno, di fatto, determinato un continuo e progressivo calo del Pil [&hellip;]<\/p>\n","protected":false},"author":18,"featured_media":78607,"comment_status":"closed","ping_status":"closed","sticky":false,"template":"","format":"standard","meta":{"ub_ctt_via":"","_mi_skip_tracking":false},"categories":[446],"tags":[783],"featured_image_src":"https:\/\/www.messinaoggi.it\/website\/wp-content\/uploads\/2021\/09\/20210902_0185.jpg","author_info":{"display_name":"Admin","author_link":"https:\/\/www.messinaoggi.it\/website\/author\/admin\/"},"digistream_id":0,"digistream":false,"_links":{"self":[{"href":"https:\/\/www.messinaoggi.it\/website\/wp-json\/wp\/v2\/posts\/78606"}],"collection":[{"href":"https:\/\/www.messinaoggi.it\/website\/wp-json\/wp\/v2\/posts"}],"about":[{"href":"https:\/\/www.messinaoggi.it\/website\/wp-json\/wp\/v2\/types\/post"}],"author":[{"embeddable":true,"href":"https:\/\/www.messinaoggi.it\/website\/wp-json\/wp\/v2\/users\/18"}],"replies":[{"embeddable":true,"href":"https:\/\/www.messinaoggi.it\/website\/wp-json\/wp\/v2\/comments?post=78606"}],"version-history":[{"count":0,"href":"https:\/\/www.messinaoggi.it\/website\/wp-json\/wp\/v2\/posts\/78606\/revisions"}],"wp:featuredmedia":[{"embeddable":true,"href":"https:\/\/www.messinaoggi.it\/website\/wp-json\/wp\/v2\/media\/78607"}],"wp:attachment":[{"href":"https:\/\/www.messinaoggi.it\/website\/wp-json\/wp\/v2\/media?parent=78606"}],"wp:term":[{"taxonomy":"category","embeddable":true,"href":"https:\/\/www.messinaoggi.it\/website\/wp-json\/wp\/v2\/categories?post=78606"},{"taxonomy":"post_tag","embeddable":true,"href":"https:\/\/www.messinaoggi.it\/website\/wp-json\/wp\/v2\/tags?post=78606"}],"curies":[{"name":"wp","href":"https:\/\/api.w.org\/{rel}","templated":true}]}}