{"id":78517,"date":"2021-09-01T13:17:38","date_gmt":"2021-09-01T11:17:38","guid":{"rendered":"https:\/\/www.messinaoggi.it\/website\/2021\/09\/01\/vaccino-razza-la-liberta-non-e-dittatura-di-minoranze\/"},"modified":"2021-09-01T13:17:38","modified_gmt":"2021-09-01T11:17:38","slug":"vaccino-razza-la-liberta-non-e-dittatura-di-minoranze","status":"publish","type":"post","link":"https:\/\/www.messinaoggi.it\/website\/2021\/09\/01\/vaccino-razza-la-liberta-non-e-dittatura-di-minoranze\/","title":{"rendered":"Vaccino, Razza \u201cla libert\u00e0 non \u00e8 dittatura di minoranze\u201d"},"content":{"rendered":"<div>\n<p>GELA (CALTANISSETTA) (ITALPRESS) \u2013 \u00abSiamo in un Hub vaccinale che potrebbe fare molto di pi\u00f9, segno che non si \u00e8 compresa la gravit\u00e0 del momento. Sono qui per ringraziare chi ha lavorato e sta lavorando. Quando faccio visite senza preannunciarle mi rendo conto meglio della realt\u00e0. Dobbiamo fare di pi\u00f9. E torner\u00f2 di nuovo a Gela sabato per incontrare le istituzioni locali e i medici di medicina generale\u00bb. Lo ha dichiarato l\u2019assessore della Salute, Ruggero Razza, dopo un sopralluogo a sorpresa nella Struttura vaccinale di Gela, in provincia di Caltanissetta.<br \/>\u00abQuando leggo sui giornali di sedicenti movimenti no vax che vogliono paralizzare l\u2019Italia \u2013 ha proseguito l\u2019esponente del governo Musumeci \u2013 mi indigno, perch\u00e8 non si pu\u00f2 mettere a rischio la nostra vita di relazione e la nostra economia in questo modo. Lo dico in un palazzetto, oggi allestito ad Hub, dedicato alla figura di Francesco Cossiga: nessuno pensi che la libert\u00e0 individuale possa rappresentare la dittatura di minoranze. Lo Stato non lo pu\u00f2 accettare\u00bb.<br \/>(ITALPRESS).<div id=\"div-gpt-ad-Messinaoggi.it-DSK-300x250-corpoart\" style=\"text-align:center;margin:0 auto;\"><\/div><\/p>\n<\/div>\n<div id=\"videoincontent\" style=\"clear:both\";><\/div>","protected":false},"excerpt":{"rendered":"<p>GELA (CALTANISSETTA) (ITALPRESS) \u2013 \u00abSiamo in un Hub vaccinale che potrebbe fare molto di pi\u00f9, segno che non si \u00e8 compresa la gravit\u00e0 del momento. Sono qui per ringraziare chi ha lavorato e sta lavorando. Quando faccio visite senza preannunciarle mi rendo conto meglio della realt\u00e0. Dobbiamo fare di pi\u00f9. E torner\u00f2 di nuovo a [&hellip;]<\/p>\n","protected":false},"author":18,"featured_media":78518,"comment_status":"closed","ping_status":"closed","sticky":false,"template":"","format":"standard","meta":{"ub_ctt_via":"","_mi_skip_tracking":false},"categories":[2449],"tags":[783],"featured_image_src":"https:\/\/www.messinaoggi.it\/website\/wp-content\/uploads\/2021\/09\/20210901_0636.jpg","author_info":{"display_name":"Admin","author_link":"https:\/\/www.messinaoggi.it\/website\/author\/admin\/"},"digistream_id":0,"digistream":false,"_links":{"self":[{"href":"https:\/\/www.messinaoggi.it\/website\/wp-json\/wp\/v2\/posts\/78517"}],"collection":[{"href":"https:\/\/www.messinaoggi.it\/website\/wp-json\/wp\/v2\/posts"}],"about":[{"href":"https:\/\/www.messinaoggi.it\/website\/wp-json\/wp\/v2\/types\/post"}],"author":[{"embeddable":true,"href":"https:\/\/www.messinaoggi.it\/website\/wp-json\/wp\/v2\/users\/18"}],"replies":[{"embeddable":true,"href":"https:\/\/www.messinaoggi.it\/website\/wp-json\/wp\/v2\/comments?post=78517"}],"version-history":[{"count":0,"href":"https:\/\/www.messinaoggi.it\/website\/wp-json\/wp\/v2\/posts\/78517\/revisions"}],"wp:featuredmedia":[{"embeddable":true,"href":"https:\/\/www.messinaoggi.it\/website\/wp-json\/wp\/v2\/media\/78518"}],"wp:attachment":[{"href":"https:\/\/www.messinaoggi.it\/website\/wp-json\/wp\/v2\/media?parent=78517"}],"wp:term":[{"taxonomy":"category","embeddable":true,"href":"https:\/\/www.messinaoggi.it\/website\/wp-json\/wp\/v2\/categories?post=78517"},{"taxonomy":"post_tag","embeddable":true,"href":"https:\/\/www.messinaoggi.it\/website\/wp-json\/wp\/v2\/tags?post=78517"}],"curies":[{"name":"wp","href":"https:\/\/api.w.org\/{rel}","templated":true}]}}