{"id":78481,"date":"2021-09-01T09:07:32","date_gmt":"2021-09-01T07:07:32","guid":{"rendered":"https:\/\/www.messinaoggi.it\/website\/2021\/09\/01\/green-pass-scatta-lobbligo-per-aerei-treni-e-personale-scolastico\/"},"modified":"2021-09-01T09:07:32","modified_gmt":"2021-09-01T07:07:32","slug":"green-pass-scatta-lobbligo-per-aerei-treni-e-personale-scolastico","status":"publish","type":"post","link":"https:\/\/www.messinaoggi.it\/website\/2021\/09\/01\/green-pass-scatta-lobbligo-per-aerei-treni-e-personale-scolastico\/","title":{"rendered":"Green pass, scatta l\u2019obbligo per aerei, treni e personale scolastico"},"content":{"rendered":"<div>ROMA (ITALPRESS) &#8211; Con l&#8217;inizio del mese di settembre \u00e8 scattata l&#8217;estensione dell&#8217;obbligo del Green pass anche per chi viaggia in aereo e sui treni ad alta velocit\u00e0, Intercity e Intercity Notte, oltre che per il personale scolastico.<br \/>Le proteste gi\u00e0 viste nei giorni scorsi nelle piazze potrebbero raggiungere anche le stazioni ferroviarie. Gruppi di persone contrarie all&#8217;obbligo di esibire la certificazione verde si organizzano su Telegram e altri canali social per bloccare le stazioni. &#8220;Non ci fanno partire con il treno senza il passaporto schiavit\u00f9? Allora non partir\u00e0 nessuno&#8221;, si legge in un volantino diffuso sul web, secondo cui sarebbero oltre 50 le citt\u00e0 in Italia (tra cui Bologna, Napoli, Torino, Bari, Reggio Calabria)<br \/>dove potrebbero essere organizzate le proteste oggi pomeriggio.<br \/>La certificazione verde \u00e8 necessaria, tra l&#8217;altro, anche per viaggiare con treni Intercity, Intercity Notte e alta velocit\u00e0, aerei, navi e traghetti per servizi di trasporto interregionale (con l&#8217;eccezione di quelli per i collegamenti nello Stretto di Messina).<br \/>Per il sottosegretario all&#8217;Interno, Carlo Sibilia, &#8220;se qualcuno arrecher\u00e0 disagi alla circolazione ferroviaria bloccando le stazioni, andr\u00e0 incontro ad una denuncia per interruzione di pubblico servizio. Un conto \u00e8 manifestare pacificamente, altra cosa \u00e8 creare disagi alle altre persone. Dovremo essere intransigenti&#8221;.<br \/>In base alle linee guida predisposte dal Governo e concordate con le Regioni e le Province autonome, l&#8217;Anci e l&#8217;Upi, per il settore ferroviario al momento della prenotazione chi viaggia dovr\u00e0 dichiarare di essere in possesso della certificazione verde. Se durante il controllo non dovesse essere esibito il green pass o la certificazione risultasse non veritiera &#8220;il viaggiatore \u00e8 invitato a spostarsi in una apposita zona riservata ai passeggeri senza certificazione verde Covid-19 e dovr\u00e0 scendere dal mezzo alla prima fermata utile&#8221;, si legge nel documento.<br \/>Intanto i sindacati hanno gi\u00e0 preso le distanze da eventuali blocchi nelle stazioni. &#8220;Diciamo no alle minacce di bloccare i treni domani, 1 settembre, nelle maggiori stazioni italiane&#8221;, affermano unitariamente Filt Cgil, Fit Cisl e Uiltrasporti, che auspicano &#8220;un doveroso ripensamento da parte dei promotori della protesta&#8221;. &#8220;Il trasporto ferroviario &#8211; proseguono i sindacati &#8211; \u00e8 un servizio pubblico essenziale, (infatti \u00e8 soggetto alle regole della legge sui servizi minimi per lo sciopero) che garantisce il diritto costituzionale alla mobilit\u00e0 dei cittadini. Chi decidesse di interromperlo arbitrariamente in nome della libert\u00e0 a non vaccinarsi non avrebbe il sostegno del sindacato sia perch\u00e8 violerebbe la legge, sia perch\u00e8 il sindacato sostiene la campagna vaccinale tanto per i lavoratori che per gli utenti del servizio pubblico&#8221;.<br \/>Secondo i dati forniti dalla Fondazione Studi Consulenti del Lavoro, sono 3,5 milioni i lavoratori occupati nei settori in cui vige l&#8217;obbligo di Green Pass da oggi. Tra autonomi e dipendenti, istruzione e sanit\u00e0 &#8211; gli unici in cui sussiste l&#8217;obbligo per la forza lavoro &#8211; assorbono rispettivamente 1,6 e 1,9 milioni di occupati.<br \/>Nessuna prescrizione, invece, nel decreto legge 6 agosto 2021 n. 111 \u00e8 inserita per chi lavora nei trasporti a lunga percorrenza (treni, navi, aerei, autobus): la normativa interessa i soli passeggeri e non gli occupati (quasi 622 mila).<br \/>Per la scuola il Garante per la protezione dei dati personali, in via d&#8217;urgenza, ha espresso parere favorevole sullo schema di decreto del presidente del Consiglio dei ministri che introduce modalit\u00e0 semplificate di verifica delle certificazioni verdi del personale, alternative a quelle ordinarie che prevedono l&#8217;uso dell&#8217;App VerificaC19, che rimane comunque utilizzabile.<br \/>&#8220;Abbiamo lavorato moltissimo con il garante della Privacy, \u00e8 giusto che i dati sanitari siano riservati. Dal 13 settembre sar\u00e0 funzionante la piattaforma per il controllo del green pass. Solo il preside vedr\u00e0 chi \u00e8 presente, e ognuno avr\u00e0 semaforo rosso o verde&#8221;, ha detto il ministro dell&#8217;Istruzione Patrizio Bianchi, ospite a Tg2 Post. Nelle prime due settimane di settembre invece ci sar\u00e0 il riconoscimento manuale.<br \/>(ITALPRESS).<\/div>\n<div id=\"div-gpt-ad-Messinaoggi.it-DSK-300x250-corpoart\" style=\"text-align:center;margin:0 auto;\"><\/div><\/p><div id=\"videoincontent\" style=\"clear:both\";><\/div>","protected":false},"excerpt":{"rendered":"<p>ROMA (ITALPRESS) &#8211; Con l&#8217;inizio del mese di settembre \u00e8 scattata l&#8217;estensione dell&#8217;obbligo del Green pass anche per chi viaggia in aereo e sui treni ad alta velocit\u00e0, Intercity e Intercity Notte, oltre che per il personale scolastico.Le proteste gi\u00e0 viste nei giorni scorsi nelle piazze potrebbero raggiungere anche le stazioni ferroviarie. Gruppi di persone [&hellip;]<\/p>\n","protected":false},"author":18,"featured_media":78482,"comment_status":"closed","ping_status":"closed","sticky":false,"template":"","format":"standard","meta":{"ub_ctt_via":"","_mi_skip_tracking":false},"categories":[446],"tags":[783],"featured_image_src":"https:\/\/www.messinaoggi.it\/website\/wp-content\/uploads\/2021\/09\/20210901_0081.jpg","author_info":{"display_name":"Admin","author_link":"https:\/\/www.messinaoggi.it\/website\/author\/admin\/"},"digistream_id":0,"digistream":false,"_links":{"self":[{"href":"https:\/\/www.messinaoggi.it\/website\/wp-json\/wp\/v2\/posts\/78481"}],"collection":[{"href":"https:\/\/www.messinaoggi.it\/website\/wp-json\/wp\/v2\/posts"}],"about":[{"href":"https:\/\/www.messinaoggi.it\/website\/wp-json\/wp\/v2\/types\/post"}],"author":[{"embeddable":true,"href":"https:\/\/www.messinaoggi.it\/website\/wp-json\/wp\/v2\/users\/18"}],"replies":[{"embeddable":true,"href":"https:\/\/www.messinaoggi.it\/website\/wp-json\/wp\/v2\/comments?post=78481"}],"version-history":[{"count":0,"href":"https:\/\/www.messinaoggi.it\/website\/wp-json\/wp\/v2\/posts\/78481\/revisions"}],"wp:featuredmedia":[{"embeddable":true,"href":"https:\/\/www.messinaoggi.it\/website\/wp-json\/wp\/v2\/media\/78482"}],"wp:attachment":[{"href":"https:\/\/www.messinaoggi.it\/website\/wp-json\/wp\/v2\/media?parent=78481"}],"wp:term":[{"taxonomy":"category","embeddable":true,"href":"https:\/\/www.messinaoggi.it\/website\/wp-json\/wp\/v2\/categories?post=78481"},{"taxonomy":"post_tag","embeddable":true,"href":"https:\/\/www.messinaoggi.it\/website\/wp-json\/wp\/v2\/tags?post=78481"}],"curies":[{"name":"wp","href":"https:\/\/api.w.org\/{rel}","templated":true}]}}