{"id":78411,"date":"2021-08-31T17:07:31","date_gmt":"2021-08-31T15:07:31","guid":{"rendered":"https:\/\/www.messinaoggi.it\/website\/2021\/08\/31\/michele-placido-e-arnoldo-mondadori-in-docu-fiction-rai\/"},"modified":"2021-08-31T17:07:31","modified_gmt":"2021-08-31T15:07:31","slug":"michele-placido-e-arnoldo-mondadori-in-docu-fiction-rai","status":"publish","type":"post","link":"https:\/\/www.messinaoggi.it\/website\/2021\/08\/31\/michele-placido-e-arnoldo-mondadori-in-docu-fiction-rai\/","title":{"rendered":"Michele Placido \u00e8 Arnoldo Mondadori in docu-fiction Rai"},"content":{"rendered":"<div>ROMA (ITALPRESS) &#8211; Michele Placido sar\u00e0 Arnoldo Mondadori nella docu-fiction &#8220;Arnoldo Mondadori&#8221;, prodotta da Gloria Giorgianni per Anele in collaborazione con Rai Fiction, in onda prossimamente su Rai1, le cui riprese sono iniziate a Roma per proseguire sul Lago Maggiore e a Torino. <br \/>Una docu-fiction da 90&#8242; diretta da Francesco Miccich\u00e8 che ripercorre la storia esemplare del pioniere dell&#8217;industria editoriale italiana, un &#8220;self made man&#8221;, figlio di un ciabattino di Ostiglia, che con la sua straordinaria visione imprenditoriale ha creato una delle pi\u00f9 importanti industrie culturali d&#8217;Europa, partendo da un grande sogno: portare i libri e la lettura nelle case di tutti gli italiani. Intrecciando narrazione fiction, documenti di repertorio e interviste a importanti testimoni, tra cui il nipote Luca Formenton, Presidente della Fondazione Mondadori che ha contribuito  allo sviluppo del progetto,  la docu-fiction esplora la grande storia imprenditoriale ed umana di Arnoldo Mondadori concentrandosi in particolare sul rapporto con Alberto Mondadori &#8211; interpretato da Flavio Parenti &#8211; il figlio primogenito, destinato a continuare l&#8217;inarrestabile ascesa della casa editrice nell&#8217;empireo dell&#8217;editoria mondiale. Una storia che si intreccia inevitabilmente con le vicende dell&#8217;intero Paese, coprendo un arco narrativo che parte dall&#8217;infanzia di Mondadori nell&#8217;ultimo decennio dell&#8217;Ottocento passando per il ventennio fascista e la Seconda Guerra Mondiale fino agli anni della ricostruzione e del boom economico, che segnano anche la consacrazione della casa editrice alla Storia, con la creazione nel 1965 degli Oscar Mondadori, la collana di libri tascabili venduti nelle edicole, che rappresenter\u00e0 una vera e propria rivoluzione nel mercato editoriale italiano rendendo la lettura accessibile a tutti. &#8220;Arnoldo Mondadori&#8221; \u00e8 una produzione Anele in collaborazione con Rai Fiction. Una docu-fiction da 90&#8242; prodotta da Gloria Giorgianni; soggetto di Francesco Miccich\u00e8, Gloria Giorgianni e Salvatore De Mola; sceneggiatura di Francesco Miccich\u00e8 e Salvatore De Mola; regia di Francesco Miccich\u00e8. In onda prossimamente su Rai1. <br \/>(ITALPRESS).<\/div>\n<div id=\"div-gpt-ad-Messinaoggi.it-DSK-300x250-corpoart\" style=\"text-align:center;margin:0 auto;\"><\/div><\/p><div id=\"videoincontent\" style=\"clear:both\";><\/div>","protected":false},"excerpt":{"rendered":"<p>ROMA (ITALPRESS) &#8211; Michele Placido sar\u00e0 Arnoldo Mondadori nella docu-fiction &#8220;Arnoldo Mondadori&#8221;, prodotta da Gloria Giorgianni per Anele in collaborazione con Rai Fiction, in onda prossimamente su Rai1, le cui riprese sono iniziate a Roma per proseguire sul Lago Maggiore e a Torino. Una docu-fiction da 90&#8242; diretta da Francesco Miccich\u00e8 che ripercorre la storia [&hellip;]<\/p>\n","protected":false},"author":18,"featured_media":78412,"comment_status":"closed","ping_status":"closed","sticky":false,"template":"","format":"standard","meta":{"ub_ctt_via":"","_mi_skip_tracking":false},"categories":[446],"tags":[783],"featured_image_src":"https:\/\/www.messinaoggi.it\/website\/wp-content\/uploads\/2021\/08\/20210831_1538.jpg","author_info":{"display_name":"Admin","author_link":"https:\/\/www.messinaoggi.it\/website\/author\/admin\/"},"digistream_id":0,"digistream":false,"_links":{"self":[{"href":"https:\/\/www.messinaoggi.it\/website\/wp-json\/wp\/v2\/posts\/78411"}],"collection":[{"href":"https:\/\/www.messinaoggi.it\/website\/wp-json\/wp\/v2\/posts"}],"about":[{"href":"https:\/\/www.messinaoggi.it\/website\/wp-json\/wp\/v2\/types\/post"}],"author":[{"embeddable":true,"href":"https:\/\/www.messinaoggi.it\/website\/wp-json\/wp\/v2\/users\/18"}],"replies":[{"embeddable":true,"href":"https:\/\/www.messinaoggi.it\/website\/wp-json\/wp\/v2\/comments?post=78411"}],"version-history":[{"count":0,"href":"https:\/\/www.messinaoggi.it\/website\/wp-json\/wp\/v2\/posts\/78411\/revisions"}],"wp:featuredmedia":[{"embeddable":true,"href":"https:\/\/www.messinaoggi.it\/website\/wp-json\/wp\/v2\/media\/78412"}],"wp:attachment":[{"href":"https:\/\/www.messinaoggi.it\/website\/wp-json\/wp\/v2\/media?parent=78411"}],"wp:term":[{"taxonomy":"category","embeddable":true,"href":"https:\/\/www.messinaoggi.it\/website\/wp-json\/wp\/v2\/categories?post=78411"},{"taxonomy":"post_tag","embeddable":true,"href":"https:\/\/www.messinaoggi.it\/website\/wp-json\/wp\/v2\/tags?post=78411"}],"curies":[{"name":"wp","href":"https:\/\/api.w.org\/{rel}","templated":true}]}}