{"id":78408,"date":"2021-08-31T16:19:14","date_gmt":"2021-08-31T14:19:14","guid":{"rendered":"http:\/\/www.messinaoggi.it\/website\/?p=78408"},"modified":"2021-08-31T16:19:16","modified_gmt":"2021-08-31T14:19:16","slug":"asm-il-commiato-di-fiumefreddo","status":"publish","type":"post","link":"https:\/\/www.messinaoggi.it\/website\/2021\/08\/31\/asm-il-commiato-di-fiumefreddo\/","title":{"rendered":"Asm, il commiato di Fiumefreddo"},"content":{"rendered":"\n<p>Lavoratrici e lavoratori &#8211; scrive l&#8217;ex commissario di Asm, Antonio Fiumefreddo, in attesa del passaggio di consegne al nuovo Cda, presieduto da Finuccio Auteri, su decisione del sindaco, Mario Bolognari &#8211; a 10 giorni dalla nomina del Consiglio di Amministrazione e a pochi dalla prossima nomina del direttore generale, mentre attendo di poter effettuare le consegne, sento il bisogno di salutare tutti coloro che ho avuto la fortuna di incontrare nei 22 mesi di intenso lavoro svolto in Asm.<br>Sento anzitutto di dover chiedere scusa a quanti ho potuto ferire ovvero siano stati feriti dalla mia azione; quando si governa, anche una piccola barca, \u00e8 possibile che si faccia torto a chi si trovi gi\u00e0 a bordo.<br>A prescindere dalle convinzioni di ciascuno e dai doveri che ho avuto come legale rappresentante, desidero chiedere scusa alle singole persone, nella consapevolezza che dietro qualsivoglia azione c\u2019\u00e8 sempre l\u2019uomo, al quale intendo portare il massimo rispetto pur nella diversit\u00e0 di ciascuno. Ancora, sento di dovermi scusare con quanti si aspettavano di pi\u00f9 e quindi sono rimasti delusi dalla mia azione; sappiano tuttavia, che ho fatto tutto quanto sono stato in grado di fare e comunque tutto quanto mi \u00e8 stato possibile. Un grazie particolarissimo e speciale a quanti hanno collaborato al raggiungimento dell\u2019obiettivo comune, di restituzione dell\u2019azienda al regime ordinario con la revoca della liquidazione.<br>Ho incontrato collaboratori preziosi, onesti e di buona volont\u00e0; questi pi\u00f9 di tutti hanno subito le intemperanze mie caratteriali.<br>Un grazie a tutti coloro che ho avuto modo di incontrare anche solo una volta ma che ho avvertito distintamente lavorare a testa bassa, soprattutto nei momenti pi\u00f9 disperati che abbiamo vissuto a causa della drammatica emergenza sanitaria.<br>Alla sensibilit\u00e0 di tutti: dipendenti, professionisti e collaboratori, debbo la buona riuscita dell\u2019impresa, nella certezza di consegnare ai nuovi amministratori non solo un\u2019azienda sana ma, e di pi\u00f9, una comunit\u00e0 umana che deve rendere orgogliosa Taormina, quale modello di disponibilit\u00e0 verso la collettivit\u00e0.<br>Non so quanto sia riuscito a trasmettere la mia passione ma so quanto, ed \u00e8 sicuramente di pi\u00f9, ho ricevuto da tutti voi.<br>Grazie e buona continuazione&#8221;.<div id=\"div-gpt-ad-Messinaoggi.it-DSK-300x250-corpoart\" style=\"text-align:center;margin:0 auto;\"><\/div><\/p>\n<div id=\"videoincontent\" style=\"clear:both\";><\/div>","protected":false},"excerpt":{"rendered":"<p>Lavoratrici e lavoratori &#8211; scrive l&#8217;ex commissario di Asm, Antonio Fiumefreddo, in attesa del passaggio di consegne al nuovo Cda, presieduto da Finuccio Auteri, su decisione del sindaco, Mario Bolognari &#8211; a 10 giorni dalla nomina del Consiglio di Amministrazione e a pochi dalla prossima nomina del direttore generale, mentre attendo di poter effettuare le [&hellip;]<\/p>\n","protected":false},"author":4,"featured_media":78409,"comment_status":"open","ping_status":"open","sticky":false,"template":"","format":"standard","meta":{"ub_ctt_via":"","_mi_skip_tracking":false},"categories":[3],"tags":[639,73],"featured_image_src":"https:\/\/www.messinaoggi.it\/website\/wp-content\/uploads\/2021\/08\/IMG-20210831-WA0017.jpg","author_info":{"display_name":"redme","author_link":"https:\/\/www.messinaoggi.it\/website\/author\/redme\/"},"digistream_id":0,"digistream":false,"_links":{"self":[{"href":"https:\/\/www.messinaoggi.it\/website\/wp-json\/wp\/v2\/posts\/78408"}],"collection":[{"href":"https:\/\/www.messinaoggi.it\/website\/wp-json\/wp\/v2\/posts"}],"about":[{"href":"https:\/\/www.messinaoggi.it\/website\/wp-json\/wp\/v2\/types\/post"}],"author":[{"embeddable":true,"href":"https:\/\/www.messinaoggi.it\/website\/wp-json\/wp\/v2\/users\/4"}],"replies":[{"embeddable":true,"href":"https:\/\/www.messinaoggi.it\/website\/wp-json\/wp\/v2\/comments?post=78408"}],"version-history":[{"count":1,"href":"https:\/\/www.messinaoggi.it\/website\/wp-json\/wp\/v2\/posts\/78408\/revisions"}],"predecessor-version":[{"id":78410,"href":"https:\/\/www.messinaoggi.it\/website\/wp-json\/wp\/v2\/posts\/78408\/revisions\/78410"}],"wp:featuredmedia":[{"embeddable":true,"href":"https:\/\/www.messinaoggi.it\/website\/wp-json\/wp\/v2\/media\/78409"}],"wp:attachment":[{"href":"https:\/\/www.messinaoggi.it\/website\/wp-json\/wp\/v2\/media?parent=78408"}],"wp:term":[{"taxonomy":"category","embeddable":true,"href":"https:\/\/www.messinaoggi.it\/website\/wp-json\/wp\/v2\/categories?post=78408"},{"taxonomy":"post_tag","embeddable":true,"href":"https:\/\/www.messinaoggi.it\/website\/wp-json\/wp\/v2\/tags?post=78408"}],"curies":[{"name":"wp","href":"https:\/\/api.w.org\/{rel}","templated":true}]}}