{"id":7827,"date":"2017-09-15T19:37:52","date_gmt":"2017-09-15T17:37:52","guid":{"rendered":"http:\/\/www.messinaoggi.it\/website\/?p=7827"},"modified":"2017-09-15T19:37:52","modified_gmt":"2017-09-15T17:37:52","slug":"il-bomber-fugazzotto-riparte-da-villafranca-tirrena","status":"publish","type":"post","link":"https:\/\/www.messinaoggi.it\/website\/2017\/09\/15\/il-bomber-fugazzotto-riparte-da-villafranca-tirrena\/","title":{"rendered":"Il &quot;bomber&quot; Fugazzotto riparte da Villafranca Tirrena"},"content":{"rendered":"<p style=\"text-align: justify\"><span style=\"color: black;font-family: 'arial narrow' , 'sans-serif';font-size: 12pt\">Riparte dal Villafranca il cammino calcistico di Davide Fugazzotto: nella mattinata di oggi\u00a0l&#8217;attaccante messinese classe &#8217;79 ha siglato l&#8217;accordo con il club tirrenico, ai nastri di partenza del torneo di Promozione, edizione 2017\/18. Tra gli attaccanti messinesi pi\u00f9 longevi, assieme a Paolo Cannuni, 38 anni da compiere il prossimo 10 ottobre, Fugazzotto \u00e8 andato ben oltre i 300 gol personali in carriera messi a segno dalla Serie D in gi\u00f9. Nella scorsa stagione, disputata con la Jonica, ha siglato 13 marcature in 26 gare del torneo di Promozione.<\/span><div id=\"div-gpt-ad-Messinaoggi.it-DSK-300x250-corpoart\" style=\"text-align:center;margin:0 auto;\"><\/div><\/p>\n<div id=\"videoincontent\" style=\"clear:both\";><\/div>","protected":false},"excerpt":{"rendered":"<p>Riparte dal Villafranca il cammino calcistico di Davide Fugazzotto: nella mattinata di oggi\u00a0l&#8217;attaccante messinese classe &#8217;79 ha siglato l&#8217;accordo con il club tirrenico, ai nastri di partenza del torneo di Promozione, edizione 2017\/18. Tra gli attaccanti messinesi pi\u00f9 longevi, assieme a Paolo Cannuni, 38 anni da compiere il prossimo 10 ottobre, Fugazzotto \u00e8 andato ben [&hellip;]<\/p>\n","protected":false},"author":9,"featured_media":5461,"comment_status":"closed","ping_status":"open","sticky":false,"template":"","format":"standard","meta":{"ub_ctt_via":"","_mi_skip_tracking":false},"categories":[10,9,14],"tags":[],"featured_image_src":"https:\/\/www.messinaoggi.it\/website\/wp-content\/uploads\/2017\/07\/Incursione-Fugazzotto-2.jpg","author_info":{"display_name":"Roberto Santoro","author_link":"https:\/\/www.messinaoggi.it\/website\/author\/r-santoro\/"},"digistream_id":0,"digistream":false,"_links":{"self":[{"href":"https:\/\/www.messinaoggi.it\/website\/wp-json\/wp\/v2\/posts\/7827"}],"collection":[{"href":"https:\/\/www.messinaoggi.it\/website\/wp-json\/wp\/v2\/posts"}],"about":[{"href":"https:\/\/www.messinaoggi.it\/website\/wp-json\/wp\/v2\/types\/post"}],"author":[{"embeddable":true,"href":"https:\/\/www.messinaoggi.it\/website\/wp-json\/wp\/v2\/users\/9"}],"replies":[{"embeddable":true,"href":"https:\/\/www.messinaoggi.it\/website\/wp-json\/wp\/v2\/comments?post=7827"}],"version-history":[{"count":0,"href":"https:\/\/www.messinaoggi.it\/website\/wp-json\/wp\/v2\/posts\/7827\/revisions"}],"wp:featuredmedia":[{"embeddable":true,"href":"https:\/\/www.messinaoggi.it\/website\/wp-json\/wp\/v2\/media\/5461"}],"wp:attachment":[{"href":"https:\/\/www.messinaoggi.it\/website\/wp-json\/wp\/v2\/media?parent=7827"}],"wp:term":[{"taxonomy":"category","embeddable":true,"href":"https:\/\/www.messinaoggi.it\/website\/wp-json\/wp\/v2\/categories?post=7827"},{"taxonomy":"post_tag","embeddable":true,"href":"https:\/\/www.messinaoggi.it\/website\/wp-json\/wp\/v2\/tags?post=7827"}],"curies":[{"name":"wp","href":"https:\/\/api.w.org\/{rel}","templated":true}]}}