{"id":78255,"date":"2021-08-31T16:12:13","date_gmt":"2021-08-31T14:12:13","guid":{"rendered":"http:\/\/www.messinaoggi.it\/website\/?p=78255"},"modified":"2021-08-31T16:12:14","modified_gmt":"2021-08-31T14:12:14","slug":"a-quasi-42-anni-cannuni-saluta-il-calcio-giocato","status":"publish","type":"post","link":"https:\/\/www.messinaoggi.it\/website\/2021\/08\/31\/a-quasi-42-anni-cannuni-saluta-il-calcio-giocato\/","title":{"rendered":"A quasi 42 anni Cannuni saluta il calcio giocato"},"content":{"rendered":"\n<p>Alle soglie dei 42 anni (li compier\u00e0 il prossimo novembre), Paolo Cannuni ha deciso di lasciare il calcio giocato: l&#8217;annuncio &#8211; non senza momenti di sentita commozione &#8211; \u00e8 arrivato ieri sera, durante la presentazione dell&#8217;Aquila Baf\u00eca in vista della stagione 2021\/22. &#8220;Reputo giusto che ci si ricordi del Cannuni che ha vinto 9 campionati facendo tanti tanti gol &#8211; spiega l&#8217;attaccante nativo di Barcellona -. Alla mia et\u00e0 se non ti alleni pi\u00f9 degli altri non vai da nessuna parte e rischi di fare brutta figura. Non posso pi\u00f9 togliere tempo alla famiglia&#8221;.<br><br>Cannuni fa una promessa al presidente dell&#8217;Aquila Carmelo Rao: &#8220;Intanto devono arrivare a quello da due stagioni \u00e8 l&#8217;obiettivo finale (il salto in serie superiore, ndr), dopodich\u00e8 rimetter\u00f2 le scarpette per disputare l&#8217;ultima partita da giocatore con la maglia dell&#8217;Aquila&#8221;.<div id=\"div-gpt-ad-Messinaoggi.it-DSK-300x250-corpoart\" style=\"text-align:center;margin:0 auto;\"><\/div><\/p>\n<div id=\"videoincontent\" style=\"clear:both\";><\/div>","protected":false},"excerpt":{"rendered":"<p>Alle soglie dei 42 anni (li compier\u00e0 il prossimo novembre), Paolo Cannuni ha deciso di lasciare il calcio giocato: l&#8217;annuncio &#8211; non senza momenti di sentita commozione &#8211; \u00e8 arrivato ieri sera, durante la presentazione dell&#8217;Aquila Baf\u00eca in vista della stagione 2021\/22. &#8220;Reputo giusto che ci si ricordi del Cannuni che ha vinto 9 campionati [&hellip;]<\/p>\n","protected":false},"author":11,"featured_media":36098,"comment_status":"open","ping_status":"open","sticky":false,"template":"","format":"standard","meta":{"ub_ctt_via":"","_mi_skip_tracking":false},"categories":[10,9],"tags":[],"featured_image_src":"https:\/\/www.messinaoggi.it\/website\/wp-content\/uploads\/2019\/08\/Cannuni-Aquila-Bafia-2019-20.jpg","author_info":{"display_name":"redsport","author_link":"https:\/\/www.messinaoggi.it\/website\/author\/redsport\/"},"digistream_id":0,"digistream":false,"_links":{"self":[{"href":"https:\/\/www.messinaoggi.it\/website\/wp-json\/wp\/v2\/posts\/78255"}],"collection":[{"href":"https:\/\/www.messinaoggi.it\/website\/wp-json\/wp\/v2\/posts"}],"about":[{"href":"https:\/\/www.messinaoggi.it\/website\/wp-json\/wp\/v2\/types\/post"}],"author":[{"embeddable":true,"href":"https:\/\/www.messinaoggi.it\/website\/wp-json\/wp\/v2\/users\/11"}],"replies":[{"embeddable":true,"href":"https:\/\/www.messinaoggi.it\/website\/wp-json\/wp\/v2\/comments?post=78255"}],"version-history":[{"count":2,"href":"https:\/\/www.messinaoggi.it\/website\/wp-json\/wp\/v2\/posts\/78255\/revisions"}],"predecessor-version":[{"id":78407,"href":"https:\/\/www.messinaoggi.it\/website\/wp-json\/wp\/v2\/posts\/78255\/revisions\/78407"}],"wp:featuredmedia":[{"embeddable":true,"href":"https:\/\/www.messinaoggi.it\/website\/wp-json\/wp\/v2\/media\/36098"}],"wp:attachment":[{"href":"https:\/\/www.messinaoggi.it\/website\/wp-json\/wp\/v2\/media?parent=78255"}],"wp:term":[{"taxonomy":"category","embeddable":true,"href":"https:\/\/www.messinaoggi.it\/website\/wp-json\/wp\/v2\/categories?post=78255"},{"taxonomy":"post_tag","embeddable":true,"href":"https:\/\/www.messinaoggi.it\/website\/wp-json\/wp\/v2\/tags?post=78255"}],"curies":[{"name":"wp","href":"https:\/\/api.w.org\/{rel}","templated":true}]}}