{"id":78161,"date":"2021-08-29T12:45:41","date_gmt":"2021-08-29T10:45:41","guid":{"rendered":"http:\/\/www.messinaoggi.it\/website\/?p=78161"},"modified":"2021-08-29T12:46:03","modified_gmt":"2021-08-29T10:46:03","slug":"cantarella-lega-al-cara-di-mineo-profughi-accolti-dagli-americani","status":"publish","type":"post","link":"https:\/\/www.messinaoggi.it\/website\/2021\/08\/29\/cantarella-lega-al-cara-di-mineo-profughi-accolti-dagli-americani\/","title":{"rendered":"Cantarella (Lega): &#8220;Al Cara di Mineo profughi accolti dagli americani?&#8221;"},"content":{"rendered":"\n<p>&#8220;Sarebbe davvero singolare che dopo aver fatto tanto per chiudere il Cara di Mineo adesso lo si riapra di soppiatto addirittura per soddisfare le esigenze del governo degli Stati Uniti\u201d:  lo afferma Fabio Cantarella, assessore alla sicurezza del Comune di Catania e membro della segreteria nazionale della Lega.<div id=\"div-gpt-ad-Messinaoggi.it-DSK-300x250-corpoart\" style=\"text-align:center;margin:0 auto;\"><\/div><\/p>\n\n\n\n<p>&#8220;Si tratta di una vicenda poco chiara &#8211; continua Cantarella &#8211; di certo c\u2019\u00e8 che all\u2019ex Cara di Mineo sono in corso lavori che fanno pensare ad un impiego della struttura nuovamente nell\u2019accoglienza. \u00c8 singolare per\u00f2 che di questa attivit\u00e0 il sindaco e altre autorit\u00e0 siano all\u2019oscuro\u201d.<br>Per l\u2019esponente della Lega la rinnovata attenzione sul Cara di Mineo potrebbe essere determinata dall\u2019arrivo dei profughi afghani alla base americana di Sigonella: \u201cCentinaia di afghani salvati dalla furia integralista dei talebani stanno arrivando nella stazione aeronavale della Marina Usa nel Sud-Est della Sicilia. \u00c8 chiaro che la base sar\u00e0 solo uno snodo dell\u2019accoglienza americana e a questo punto ci sarebbe da capire se la meta finale dei profughi siano gli Stati Uniti o il pi\u00f9 vicino Cara di Mineo\u201d.<br>\u201cNon \u00e8 in discussione l\u2019accoglienza dei profughi afghani che tutti abbiamo il dovere di aiutare in ogni modo ma \u00e8 giusto che da parte del governo ci sia chiarezza sul futuro dell\u2019ex Cara e se questo \u00e8 al centro di accordi per la gestione del flusso di sfollati da Kabul. A noi preoccupa il \u00a0modello di accoglienza &#8211; conclude l&#8217;esponente della Lega &#8211; chiudendo il Cara di Mineo con Matteo Salvini ne abbiamo archiviato uno e ci dispiacerebbe che venisse riesumato con la scusa dell\u2019emergenza&#8221;.<div id=\"videoincontent\" style=\"clear:both\";><\/div><\/p>\n","protected":false},"excerpt":{"rendered":"<p>&#8220;Sarebbe davvero singolare che dopo aver fatto tanto per chiudere il Cara di Mineo adesso lo si riapra di soppiatto addirittura per soddisfare le esigenze del governo degli Stati Uniti\u201d: lo afferma Fabio Cantarella, assessore alla sicurezza del Comune di Catania e membro della segreteria nazionale della Lega. &#8220;Si tratta di una vicenda poco chiara [&hellip;]<\/p>\n","protected":false},"author":4,"featured_media":49577,"comment_status":"open","ping_status":"open","sticky":false,"template":"","format":"standard","meta":{"ub_ctt_via":"","_mi_skip_tracking":false},"categories":[11],"tags":[2867,2872,1233,2874],"featured_image_src":"https:\/\/www.messinaoggi.it\/website\/wp-content\/uploads\/2020\/11\/IMG-20201128-WA0022.jpg","author_info":{"display_name":"redme","author_link":"https:\/\/www.messinaoggi.it\/website\/author\/redme\/"},"digistream_id":0,"digistream":false,"_links":{"self":[{"href":"https:\/\/www.messinaoggi.it\/website\/wp-json\/wp\/v2\/posts\/78161"}],"collection":[{"href":"https:\/\/www.messinaoggi.it\/website\/wp-json\/wp\/v2\/posts"}],"about":[{"href":"https:\/\/www.messinaoggi.it\/website\/wp-json\/wp\/v2\/types\/post"}],"author":[{"embeddable":true,"href":"https:\/\/www.messinaoggi.it\/website\/wp-json\/wp\/v2\/users\/4"}],"replies":[{"embeddable":true,"href":"https:\/\/www.messinaoggi.it\/website\/wp-json\/wp\/v2\/comments?post=78161"}],"version-history":[{"count":1,"href":"https:\/\/www.messinaoggi.it\/website\/wp-json\/wp\/v2\/posts\/78161\/revisions"}],"predecessor-version":[{"id":78162,"href":"https:\/\/www.messinaoggi.it\/website\/wp-json\/wp\/v2\/posts\/78161\/revisions\/78162"}],"wp:featuredmedia":[{"embeddable":true,"href":"https:\/\/www.messinaoggi.it\/website\/wp-json\/wp\/v2\/media\/49577"}],"wp:attachment":[{"href":"https:\/\/www.messinaoggi.it\/website\/wp-json\/wp\/v2\/media?parent=78161"}],"wp:term":[{"taxonomy":"category","embeddable":true,"href":"https:\/\/www.messinaoggi.it\/website\/wp-json\/wp\/v2\/categories?post=78161"},{"taxonomy":"post_tag","embeddable":true,"href":"https:\/\/www.messinaoggi.it\/website\/wp-json\/wp\/v2\/tags?post=78161"}],"curies":[{"name":"wp","href":"https:\/\/api.w.org\/{rel}","templated":true}]}}