{"id":77984,"date":"2021-08-27T12:09:56","date_gmt":"2021-08-27T10:09:56","guid":{"rendered":"http:\/\/www.messinaoggi.it\/website\/?p=77984"},"modified":"2021-08-27T12:09:57","modified_gmt":"2021-08-27T10:09:57","slug":"crisi-afghanistan-anche-unime-a-sostegno-degli-studenti-afghani","status":"publish","type":"post","link":"https:\/\/www.messinaoggi.it\/website\/2021\/08\/27\/crisi-afghanistan-anche-unime-a-sostegno-degli-studenti-afghani\/","title":{"rendered":"Crisi Afghanistan, anche Unime a sostegno degli studenti afghani"},"content":{"rendered":"\n<p>Il mondo accademico italiano si sta mobilitando per aiutare gli studenti afghani, dopo il ritorno dei talebani nel loro paese. La Conferenza dei Rettori delle Universit\u00e0 italiane, in sinergia con il Ministero dell\u2019Universit\u00e0 e della Ricerca, sta valutando le azioni da realizzare per consentire alle studentesse e agli studenti afghani, iscritti o che intendono immatricolarsi in Italia, di venire a studiare negli atenei italiani, non appena la fase emergenziale si sar\u00e0 conclusa.<div id=\"div-gpt-ad-Messinaoggi.it-DSK-300x250-corpoart\" style=\"text-align:center;margin:0 auto;\"><\/div><\/p>\n\n\n\n<p>\u201cL\u2019Universit\u00e0 di Messina mantiene alta l\u2019attenzione sulla questione \u2013 dichiara il Rettore Cuzzocrea \u2013 e in raccordo con la CRUI e il Ministero degli Esteri, sta predisponendo un piano di supporto e di accoglienza per le studentesse e gli studenti afghani, il primo dei quali dovrebbe arrivare a Messina gi\u00e0 nei prossimi giorni. Sono certo che la nostra comunit\u00e0 accademica dimostrer\u00e0 grande collaborazione, come \u00e8 gi\u00e0 avvenuto in altre occasioni, nella fase dell\u2019accoglienza\u201d.<div id=\"videoincontent\" style=\"clear:both\";><\/div><\/p>\n\n\n\n<p>Nello specifico della condizione delle donne, condividendone i contenuti, si riporta il comunicato diffuso dalla Rete Nazionale dei CUG, alla quale l\u2019Ateneo di Messina aderisce: \u201cLa Rete nazionale dei CUG esprime profondo sgomento e preoccupazione per la sorte annunciata di milioni di donne e ragazze afghane che rischiano di vedere annullato in una spirale di violenza il lento e faticoso cammino di affermazione dei pi\u00f9 elementari diritti umani: andare a scuola, vivere l\u2019infanzia e la giovinezza nel rispetto dei propri tempi e delle proprie aspirazioni, scegliere in piena libert\u00e0 il proprio futuro ed avere diritti di cittadinanza. Le cittadine e i cittadini italiani non possono assistere inerti alla possibile negazione dei diritti di queste donne.<\/p>\n\n\n\n<p>\u201cCome Rete dei CUG esprimiamo tutta la nostra solidariet\u00e0 al popolo afghano augurandoci che vengano aperti da parte dell\u2019Italia corridoi umanitari e venga messo in campo qualsiasi mezzo idoneo per non lasciare sole donne, bambine e bambini che hanno creduto che un altro modo di vivere fosse possibile\u201d.<\/p>\n","protected":false},"excerpt":{"rendered":"<p>Il mondo accademico italiano si sta mobilitando per aiutare gli studenti afghani, dopo il ritorno dei talebani nel loro paese. La Conferenza dei Rettori delle Universit\u00e0 italiane, in sinergia con il Ministero dell\u2019Universit\u00e0 e della Ricerca, sta valutando le azioni da realizzare per consentire alle studentesse e agli studenti afghani, iscritti o che intendono immatricolarsi [&hellip;]<\/p>\n","protected":false},"author":8,"featured_media":77985,"comment_status":"open","ping_status":"open","sticky":false,"template":"","format":"standard","meta":{"ub_ctt_via":"","_mi_skip_tracking":false},"categories":[7],"tags":[2867,2868,814],"featured_image_src":"https:\/\/www.messinaoggi.it\/website\/wp-content\/uploads\/2021\/08\/afghanistan.jpg","author_info":{"display_name":"red..me","author_link":"https:\/\/www.messinaoggi.it\/website\/author\/redstage\/"},"digistream_id":0,"digistream":false,"_links":{"self":[{"href":"https:\/\/www.messinaoggi.it\/website\/wp-json\/wp\/v2\/posts\/77984"}],"collection":[{"href":"https:\/\/www.messinaoggi.it\/website\/wp-json\/wp\/v2\/posts"}],"about":[{"href":"https:\/\/www.messinaoggi.it\/website\/wp-json\/wp\/v2\/types\/post"}],"author":[{"embeddable":true,"href":"https:\/\/www.messinaoggi.it\/website\/wp-json\/wp\/v2\/users\/8"}],"replies":[{"embeddable":true,"href":"https:\/\/www.messinaoggi.it\/website\/wp-json\/wp\/v2\/comments?post=77984"}],"version-history":[{"count":1,"href":"https:\/\/www.messinaoggi.it\/website\/wp-json\/wp\/v2\/posts\/77984\/revisions"}],"predecessor-version":[{"id":77986,"href":"https:\/\/www.messinaoggi.it\/website\/wp-json\/wp\/v2\/posts\/77984\/revisions\/77986"}],"wp:featuredmedia":[{"embeddable":true,"href":"https:\/\/www.messinaoggi.it\/website\/wp-json\/wp\/v2\/media\/77985"}],"wp:attachment":[{"href":"https:\/\/www.messinaoggi.it\/website\/wp-json\/wp\/v2\/media?parent=77984"}],"wp:term":[{"taxonomy":"category","embeddable":true,"href":"https:\/\/www.messinaoggi.it\/website\/wp-json\/wp\/v2\/categories?post=77984"},{"taxonomy":"post_tag","embeddable":true,"href":"https:\/\/www.messinaoggi.it\/website\/wp-json\/wp\/v2\/tags?post=77984"}],"curies":[{"name":"wp","href":"https:\/\/api.w.org\/{rel}","templated":true}]}}