{"id":77871,"date":"2021-08-26T15:47:48","date_gmt":"2021-08-26T13:47:48","guid":{"rendered":"http:\/\/www.messinaoggi.it\/website\/?p=77871"},"modified":"2021-08-27T15:21:16","modified_gmt":"2021-08-27T13:21:16","slug":"baraccopoli-via-libera-alla-demolizione","status":"publish","type":"post","link":"https:\/\/www.messinaoggi.it\/website\/2021\/08\/26\/baraccopoli-via-libera-alla-demolizione\/","title":{"rendered":"Baraccopoli, via libera alla demolizione a Fondo Sacc\u00e0"},"content":{"rendered":"\n<p>Il sindaco di Messina Cateno De Luca ha partecipato all&#8217;inizio dei lavori di sbaraccamento delle aree da riqualificare ricadenti a Fondo Sacca&#8217;, nell&#8217;ambito del Programma straordinario di intervento per la riqualificazione urbana e la sicurezza delle periferie &#8211; Progetto Capacity, insieme al prefetto, Cosima di Stani, all&#8217;assessore al Risanamento Salvatore Mondello e all&#8217;assessore alle Politiche abitative Alessandra Calafiore. Erano presenti esponenti della deputazione messinese, i vertici dell&#8217;Agenzia per il Risanamento Arisme e Gaetano Giunta, nella qualit\u00e0 di referente per il progetto Capacity. Le attivit\u00e0 consisteranno nella demolizione di tutte le baracche all&#8217;interno dell&#8217;area, previo smontaggio, stoccaggio, campionamento e trasporto a discarica autorizzata dei manufatti in amianto. <div id=\"div-gpt-ad-Messinaoggi.it-DSK-300x250-corpoart\" style=\"text-align:center;margin:0 auto;\"><\/div><\/p>\n\n\n\n<p>&#8220;Abbiamo fatto &#8211; ha detto il sindaco togliendo la prima pietra a bordo di una ruspa &#8211; in questi anni, alcuni interventi come alle Case D&#8217;Arrigo che ha consentito di portare avanti un&#8217;arteria fondamentale quale \u00e8 la via Don Blasco, oggi scatta un cronoprogramma definitivo che prevede, entro 24 mesi, la fuoriuscita di tutte le famiglie dalle baracche ed entro tre anni il completamento della demolizione; ci sono intere baraccopoli che abbiamo svuotato come Fondo Fucile dove non ci sono pi\u00f9 le famiglie ma le baracche sono ancora l\u00ec e fino a quando non ci sar\u00e0 l&#8217;eliminazione totale non c&#8217;\u00e8 la percezione che si \u00e8 fatta una rivoluzione in questi tre anni&#8221;.<div id=\"videoincontent\" style=\"clear:both\";><\/div><\/p>\n","protected":false},"excerpt":{"rendered":"<p>Il sindaco di Messina Cateno De Luca ha partecipato all&#8217;inizio dei lavori di sbaraccamento delle aree da riqualificare ricadenti a Fondo Sacca&#8217;, nell&#8217;ambito del Programma straordinario di intervento per la riqualificazione urbana e la sicurezza delle periferie &#8211; Progetto Capacity, insieme al prefetto, Cosima di Stani, all&#8217;assessore al Risanamento Salvatore Mondello e all&#8217;assessore alle Politiche [&hellip;]<\/p>\n","protected":false},"author":4,"featured_media":77872,"comment_status":"open","ping_status":"open","sticky":false,"template":"","format":"standard","meta":{"ub_ctt_via":"","_mi_skip_tracking":false},"categories":[6],"tags":[897,2230,642],"featured_image_src":"https:\/\/www.messinaoggi.it\/website\/wp-content\/uploads\/2021\/08\/IMG-20210826-WA0013.jpg","author_info":{"display_name":"redme","author_link":"https:\/\/www.messinaoggi.it\/website\/author\/redme\/"},"digistream_id":0,"digistream":false,"_links":{"self":[{"href":"https:\/\/www.messinaoggi.it\/website\/wp-json\/wp\/v2\/posts\/77871"}],"collection":[{"href":"https:\/\/www.messinaoggi.it\/website\/wp-json\/wp\/v2\/posts"}],"about":[{"href":"https:\/\/www.messinaoggi.it\/website\/wp-json\/wp\/v2\/types\/post"}],"author":[{"embeddable":true,"href":"https:\/\/www.messinaoggi.it\/website\/wp-json\/wp\/v2\/users\/4"}],"replies":[{"embeddable":true,"href":"https:\/\/www.messinaoggi.it\/website\/wp-json\/wp\/v2\/comments?post=77871"}],"version-history":[{"count":2,"href":"https:\/\/www.messinaoggi.it\/website\/wp-json\/wp\/v2\/posts\/77871\/revisions"}],"predecessor-version":[{"id":78010,"href":"https:\/\/www.messinaoggi.it\/website\/wp-json\/wp\/v2\/posts\/77871\/revisions\/78010"}],"wp:featuredmedia":[{"embeddable":true,"href":"https:\/\/www.messinaoggi.it\/website\/wp-json\/wp\/v2\/media\/77872"}],"wp:attachment":[{"href":"https:\/\/www.messinaoggi.it\/website\/wp-json\/wp\/v2\/media?parent=77871"}],"wp:term":[{"taxonomy":"category","embeddable":true,"href":"https:\/\/www.messinaoggi.it\/website\/wp-json\/wp\/v2\/categories?post=77871"},{"taxonomy":"post_tag","embeddable":true,"href":"https:\/\/www.messinaoggi.it\/website\/wp-json\/wp\/v2\/tags?post=77871"}],"curies":[{"name":"wp","href":"https:\/\/api.w.org\/{rel}","templated":true}]}}