{"id":77831,"date":"2021-08-26T10:13:13","date_gmt":"2021-08-26T08:13:13","guid":{"rendered":"http:\/\/www.messinaoggi.it\/website\/?p=77831"},"modified":"2021-08-26T10:13:17","modified_gmt":"2021-08-26T08:13:17","slug":"raffineria-milazzo-uil-preoccupanti-emissioni-urge-un-incontro-con-la-dirigenza","status":"publish","type":"post","link":"https:\/\/www.messinaoggi.it\/website\/2021\/08\/26\/raffineria-milazzo-uil-preoccupanti-emissioni-urge-un-incontro-con-la-dirigenza\/","title":{"rendered":"Raffineria Milazzo, Uil: \u201cPreoccupanti emissioni, urge un incontro con la dirigenza\u201d"},"content":{"rendered":"\n<p>\u201cI preoccupanti eventi caratterizzati dalle emissioni nell\u2019atmosfera di fumi anomali avvenuti presso la Raffineria di Milazzo il 7 e il 24 agosto rappresentano motivo di seria preoccupazione sia per la sicurezza dei lavoratori del sito industriale che per la tranquillit\u00e0 dei cittadini dei comuni della Valle del Mela\u201d. Lo hanno dichiarato Ivan Tripodi, segretario generale Uil Messina, Carlo Caruso, segretario generale Uiltec (chimici), Salvatore Napoli, segretario org.vo Feneal-Uil (edili) e Pasqualino Rizzo, segretario generale Uilm (metalmeccanici).<div id=\"div-gpt-ad-Messinaoggi.it-DSK-300x250-corpoart\" style=\"text-align:center;margin:0 auto;\"><\/div><\/p>\n\n\n\n<p>\u201cAbbiamo sempre affermato che il binomio composto da lavoro ed ambiente, &#8211; proseguono &#8211; visto come piena occupazione in un quadro di rigoroso rispetto delle norme in materia ambientale, \u00e8 inscindibile e non \u00e8 negoziabile. Pertanto, alla luce di quanto avvenuto nei giorni scorsi, \u00e8 indispensabile che i vertici della Raffineria di Milazzo diano risposte chiare e comunichino alla collettivit\u00e0, alle Istituzioni e al sindacato i termini della questione che ha caratterizzato i due recentissimi episodi. A nostro avviso il silenzio non aiuta: \u00e8 controproducente e rischia di alimentare ulteriore preoccupazione.<div id=\"videoincontent\" style=\"clear:both\";><\/div><\/p>\n\n\n\n<p>\u201cIn tal senso, al fine di approfondire le tematiche in questione, abbiamo chiesto ufficialmente un urgente incontro al Direttore generale della Raffineria di Milazzo poich\u00e9 il confronto, in un quadro di assoluta chiarezza ed indispensabile trasparenza, \u00e8 doveroso ed imprescindibile per la serenit\u00e0 dei lavoratori e dell\u2019opinione pubblica\u201d.<\/p>\n","protected":false},"excerpt":{"rendered":"<p>\u201cI preoccupanti eventi caratterizzati dalle emissioni nell\u2019atmosfera di fumi anomali avvenuti presso la Raffineria di Milazzo il 7 e il 24 agosto rappresentano motivo di seria preoccupazione sia per la sicurezza dei lavoratori del sito industriale che per la tranquillit\u00e0 dei cittadini dei comuni della Valle del Mela\u201d. Lo hanno dichiarato Ivan Tripodi, segretario generale [&hellip;]<\/p>\n","protected":false},"author":8,"featured_media":23490,"comment_status":"open","ping_status":"open","sticky":false,"template":"","format":"standard","meta":{"ub_ctt_via":"","_mi_skip_tracking":false},"categories":[13,14],"tags":[2858,2856,141,2859,2857],"featured_image_src":"https:\/\/www.messinaoggi.it\/website\/wp-content\/uploads\/2018\/08\/raffineria-milazzo-1.jpg","author_info":{"display_name":"red..me","author_link":"https:\/\/www.messinaoggi.it\/website\/author\/redstage\/"},"digistream_id":0,"digistream":false,"_links":{"self":[{"href":"https:\/\/www.messinaoggi.it\/website\/wp-json\/wp\/v2\/posts\/77831"}],"collection":[{"href":"https:\/\/www.messinaoggi.it\/website\/wp-json\/wp\/v2\/posts"}],"about":[{"href":"https:\/\/www.messinaoggi.it\/website\/wp-json\/wp\/v2\/types\/post"}],"author":[{"embeddable":true,"href":"https:\/\/www.messinaoggi.it\/website\/wp-json\/wp\/v2\/users\/8"}],"replies":[{"embeddable":true,"href":"https:\/\/www.messinaoggi.it\/website\/wp-json\/wp\/v2\/comments?post=77831"}],"version-history":[{"count":1,"href":"https:\/\/www.messinaoggi.it\/website\/wp-json\/wp\/v2\/posts\/77831\/revisions"}],"predecessor-version":[{"id":77832,"href":"https:\/\/www.messinaoggi.it\/website\/wp-json\/wp\/v2\/posts\/77831\/revisions\/77832"}],"wp:featuredmedia":[{"embeddable":true,"href":"https:\/\/www.messinaoggi.it\/website\/wp-json\/wp\/v2\/media\/23490"}],"wp:attachment":[{"href":"https:\/\/www.messinaoggi.it\/website\/wp-json\/wp\/v2\/media?parent=77831"}],"wp:term":[{"taxonomy":"category","embeddable":true,"href":"https:\/\/www.messinaoggi.it\/website\/wp-json\/wp\/v2\/categories?post=77831"},{"taxonomy":"post_tag","embeddable":true,"href":"https:\/\/www.messinaoggi.it\/website\/wp-json\/wp\/v2\/tags?post=77831"}],"curies":[{"name":"wp","href":"https:\/\/api.w.org\/{rel}","templated":true}]}}