{"id":7782,"date":"2017-09-15T07:53:56","date_gmt":"2017-09-15T05:53:56","guid":{"rendered":"http:\/\/www.messinaoggi.it\/website\/?p=7782"},"modified":"2017-09-15T07:53:56","modified_gmt":"2017-09-15T05:53:56","slug":"tranvia-limitazioni-al-traffico-sul-viale-della-liberta","status":"publish","type":"post","link":"https:\/\/www.messinaoggi.it\/website\/2017\/09\/15\/tranvia-limitazioni-al-traffico-sul-viale-della-liberta\/","title":{"rendered":"Tranvia, limitazioni al traffico sul viale della Libert\u00e0"},"content":{"rendered":"<p>Nell\u2019ambito dei lavori di costruzione di una tranvia urbana dal torrente Gazzi al torrente Annunziata nel Comune di Messina \u2013 progetto esecutivo di completamento, il dipartimento Mobilit\u00e0 urbana e Viabilit\u00e0 ha disposto da luned\u00ec 18 sino al 6 ottobre limitazioni viarie sul viale della Libert\u00e0, dove sar\u00e0 vietato il transito veicolare nelle corsie adiacenti la striscia longitudinale di mezzeria (corsie in direzione di marcia sud-nord e nord-sud), nel tratto compreso tra l\u2019attraversamento pedonale della fermata tranviaria \u201cTrapani\u201d e 30 metri a sud dell\u2019intersezione con via Fata Morgana, consentendo il regolare transito nelle restanti corsie di marcia.<br \/>\nViger\u00e0 inoltre il limite massimo di velocit\u00e0 di 20 km\/h in entrambe le direzioni di marcia, nel tratto di viale della Libert\u00e0 compreso tra piazza Vittoria e viale Giostra.<div id=\"div-gpt-ad-Messinaoggi.it-DSK-300x250-corpoart\" style=\"text-align:center;margin:0 auto;\"><\/div><\/p>\n<div id=\"videoincontent\" style=\"clear:both\";><\/div>","protected":false},"excerpt":{"rendered":"<p>Nell\u2019ambito dei lavori di costruzione di una tranvia urbana dal torrente Gazzi al torrente Annunziata nel Comune di Messina \u2013 progetto esecutivo di completamento, il dipartimento Mobilit\u00e0 urbana e Viabilit\u00e0 ha disposto da luned\u00ec 18 sino al 6 ottobre limitazioni viarie sul viale della Libert\u00e0, dove sar\u00e0 vietato il transito veicolare nelle corsie adiacenti la [&hellip;]<\/p>\n","protected":false},"author":2,"featured_media":2911,"comment_status":"closed","ping_status":"open","sticky":false,"template":"","format":"standard","meta":{"ub_ctt_via":"","_mi_skip_tracking":false},"categories":[5],"tags":[],"featured_image_src":"https:\/\/www.messinaoggi.it\/website\/wp-content\/uploads\/2017\/06\/tram-viale-della-liberta-messinaoggi-2.jpg","author_info":{"display_name":"Redazione","author_link":"https:\/\/www.messinaoggi.it\/website\/author\/redazione\/"},"digistream_id":0,"digistream":false,"_links":{"self":[{"href":"https:\/\/www.messinaoggi.it\/website\/wp-json\/wp\/v2\/posts\/7782"}],"collection":[{"href":"https:\/\/www.messinaoggi.it\/website\/wp-json\/wp\/v2\/posts"}],"about":[{"href":"https:\/\/www.messinaoggi.it\/website\/wp-json\/wp\/v2\/types\/post"}],"author":[{"embeddable":true,"href":"https:\/\/www.messinaoggi.it\/website\/wp-json\/wp\/v2\/users\/2"}],"replies":[{"embeddable":true,"href":"https:\/\/www.messinaoggi.it\/website\/wp-json\/wp\/v2\/comments?post=7782"}],"version-history":[{"count":0,"href":"https:\/\/www.messinaoggi.it\/website\/wp-json\/wp\/v2\/posts\/7782\/revisions"}],"wp:featuredmedia":[{"embeddable":true,"href":"https:\/\/www.messinaoggi.it\/website\/wp-json\/wp\/v2\/media\/2911"}],"wp:attachment":[{"href":"https:\/\/www.messinaoggi.it\/website\/wp-json\/wp\/v2\/media?parent=7782"}],"wp:term":[{"taxonomy":"category","embeddable":true,"href":"https:\/\/www.messinaoggi.it\/website\/wp-json\/wp\/v2\/categories?post=7782"},{"taxonomy":"post_tag","embeddable":true,"href":"https:\/\/www.messinaoggi.it\/website\/wp-json\/wp\/v2\/tags?post=7782"}],"curies":[{"name":"wp","href":"https:\/\/api.w.org\/{rel}","templated":true}]}}