{"id":77771,"date":"2021-08-25T17:07:42","date_gmt":"2021-08-25T15:07:42","guid":{"rendered":"https:\/\/www.messinaoggi.it\/website\/2021\/08\/25\/notte-della-taranta-al-bano-sara-il-narratore\/"},"modified":"2021-08-25T17:07:42","modified_gmt":"2021-08-25T15:07:42","slug":"notte-della-taranta-al-bano-sara-il-narratore","status":"publish","type":"post","link":"https:\/\/www.messinaoggi.it\/website\/2021\/08\/25\/notte-della-taranta-al-bano-sara-il-narratore\/","title":{"rendered":"Notte della Taranta, Al Bano sar\u00e0 il narratore"},"content":{"rendered":"<div>ROMA (ITALPRESS) &#8211; Sar\u00e0 Al Bano Carrisi il narratore della Notte della Taranta 2021. Il cantante pugliese accompagner\u00e0 i telespettatori di Rai 1, il 4 settembre alle 23.15,  nel viaggio musicale del Concerto di Melpignano.<br \/>Dialogando con i maestri concertatori Enrico Melozzi e Madame far\u00e0 scoprire al pubblico la forza ancestrale della pizzica e la bellezza della Puglia.<br \/>Al Bano condurr\u00e0 il programma che si terr\u00e0 nel piazzale dell&#8217;ex Convento degli Agostiniani il 28 agosto e non mancher\u00e0 di stupire con la sua voce interpretando un brano nel dialetto di Cellino San Marco. Grande protagonista sar\u00e0 la danza. Il coreografo Thomas Signorelli insieme al marchio IJO di Annalisa Surace ha ideato la performance di Madame che baller\u00e0 la pizzica insieme al Corpo di Ballo della Taranta. E ieri a sorpresa Madame nella tappa del Festival di Soleto, \u00e8 salita sul palco insieme a Enrico Melozzi, e al ritmo del tamburello ha cominciato a ballare con i danzatori della Taranta sul brano Fuecu.<br \/>Il Concertone si aprir\u00e0 con la Pizzica della Liberazione scritta dal maestro Enrico Melozzi per augurare la ripresa di tutte le attivit\u00e0 culturali in presenza di pubblico. A Melpignano, a causa dell&#8217;emergenza sanitaria, parteciperanno mille persone provenienti da ogni parte d&#8217;Italia che hanno prenotato l&#8217;accesso attraverso la piattaforma attivata da Fondazione.<br \/>(ITALPRESS).<\/div>\n<div id=\"div-gpt-ad-Messinaoggi.it-DSK-300x250-corpoart\" style=\"text-align:center;margin:0 auto;\"><\/div><\/p><div id=\"videoincontent\" style=\"clear:both\";><\/div>","protected":false},"excerpt":{"rendered":"<p>ROMA (ITALPRESS) &#8211; Sar\u00e0 Al Bano Carrisi il narratore della Notte della Taranta 2021. Il cantante pugliese accompagner\u00e0 i telespettatori di Rai 1, il 4 settembre alle 23.15, nel viaggio musicale del Concerto di Melpignano.Dialogando con i maestri concertatori Enrico Melozzi e Madame far\u00e0 scoprire al pubblico la forza ancestrale della pizzica e la bellezza [&hellip;]<\/p>\n","protected":false},"author":18,"featured_media":77772,"comment_status":"closed","ping_status":"closed","sticky":false,"template":"","format":"standard","meta":{"ub_ctt_via":"","_mi_skip_tracking":false},"categories":[446],"tags":[783],"featured_image_src":"https:\/\/www.messinaoggi.it\/website\/wp-content\/uploads\/2021\/08\/20210825_1488-700x486-1.jpg","author_info":{"display_name":"Admin","author_link":"https:\/\/www.messinaoggi.it\/website\/author\/admin\/"},"digistream_id":0,"digistream":false,"_links":{"self":[{"href":"https:\/\/www.messinaoggi.it\/website\/wp-json\/wp\/v2\/posts\/77771"}],"collection":[{"href":"https:\/\/www.messinaoggi.it\/website\/wp-json\/wp\/v2\/posts"}],"about":[{"href":"https:\/\/www.messinaoggi.it\/website\/wp-json\/wp\/v2\/types\/post"}],"author":[{"embeddable":true,"href":"https:\/\/www.messinaoggi.it\/website\/wp-json\/wp\/v2\/users\/18"}],"replies":[{"embeddable":true,"href":"https:\/\/www.messinaoggi.it\/website\/wp-json\/wp\/v2\/comments?post=77771"}],"version-history":[{"count":0,"href":"https:\/\/www.messinaoggi.it\/website\/wp-json\/wp\/v2\/posts\/77771\/revisions"}],"wp:featuredmedia":[{"embeddable":true,"href":"https:\/\/www.messinaoggi.it\/website\/wp-json\/wp\/v2\/media\/77772"}],"wp:attachment":[{"href":"https:\/\/www.messinaoggi.it\/website\/wp-json\/wp\/v2\/media?parent=77771"}],"wp:term":[{"taxonomy":"category","embeddable":true,"href":"https:\/\/www.messinaoggi.it\/website\/wp-json\/wp\/v2\/categories?post=77771"},{"taxonomy":"post_tag","embeddable":true,"href":"https:\/\/www.messinaoggi.it\/website\/wp-json\/wp\/v2\/tags?post=77771"}],"curies":[{"name":"wp","href":"https:\/\/api.w.org\/{rel}","templated":true}]}}