{"id":7775,"date":"2017-09-14T20:50:08","date_gmt":"2017-09-14T18:50:08","guid":{"rendered":"http:\/\/www.messinaoggi.it\/website\/?p=7775"},"modified":"2017-09-14T20:50:08","modified_gmt":"2017-09-14T18:50:08","slug":"pistunina-e-fatta-per-privitera-e-saglimbeni-manca-il-transfert-per-gyorio","status":"publish","type":"post","link":"https:\/\/www.messinaoggi.it\/website\/2017\/09\/14\/pistunina-e-fatta-per-privitera-e-saglimbeni-manca-il-transfert-per-gyorio\/","title":{"rendered":"Pistunina, \u00e8 fatta per Privitera e Saglimbeni. Manca il transfert per Gyorio"},"content":{"rendered":"<p style=\"text-align: justify\"><span style=\"font-family: 'arial narrow' , 'sans-serif';font-size: 12pt\">Completato quasi del tutto, almeno per ora, l&#8217;organico del Pistunina: oltre al prestito di Ardiri dal Camaro,\u00a0diventato ormai\u00a0<\/span><span style=\"font-family: 'arial narrow' , 'sans-serif';font-size: 12pt\">un autentico &#8220;serbatoio&#8221; del club rossonero, sono andati in porto anche i previsti tesseramenti del portiere <strong>Francesco Privitera<\/strong> e dell&#8217;esterno <strong>Alessandro Saglimbeni.<\/strong><\/span><div id=\"div-gpt-ad-Messinaoggi.it-DSK-300x250-corpoart\" style=\"text-align:center;margin:0 auto;\"><\/div><\/p>\n<div style=\"text-align: justify\"><span style=\"font-family: 'arial narrow' , 'sans-serif';font-size: 12pt\">Lo stesso non si pu\u00f2 dire invece del centrocampista <strong>Mozesh <em>&#8220;Mozzi&#8221;<\/em> Gyorio<\/strong>, classe &#8217;89, ungherese, ma con doppio passaporto sia del paese natio che canadese, non tesserabile poich\u00e9 si attende l&#8217;arrivo del relativo transfer per il quale il ds Mortelliti \u00e8 gi\u00e0 consapevole che ci vorr\u00e0 tempo. <\/span><\/div>\n<div style=\"text-align: justify\"><span style=\"font-family: 'arial narrow' , 'sans-serif';font-size: 12pt\">Frattanto il giocatore \u00e8 aggregato agli ordini di mister\u00a0Raciti e oggi ha anche segnato\u00a0la seconda marcatura nel\u00a02-0 ottenuto in amichevole con l&#8217;Atletico Messina (la prima porta la firma di Ardiri).<\/span><\/div>\n<div style=\"text-align: justify\"><span style=\"font-family: 'arial narrow' , 'sans-serif';font-size: 12pt\">E proprio all&#8217;odierno avversario sono stati ceduti, a titolo definitivo, i giovani <strong>Mirulla<\/strong> e <strong>Bonanno<\/strong>. Adesso la parola passa alla squadra, chiamata a spezzare in occasione della trasferta con l&#8217;Atletico Catania\u00a0la serie negativa di tre sconfitta di fila (due col Camaro in Coppa Italia, la terza con il Biancavilla).<\/span><\/div>\n<div id=\"videoincontent\" style=\"clear:both\";><\/div>","protected":false},"excerpt":{"rendered":"<p>Completato quasi del tutto, almeno per ora, l&#8217;organico del Pistunina: oltre al prestito di Ardiri dal Camaro,\u00a0diventato ormai\u00a0un autentico &#8220;serbatoio&#8221; del club rossonero, sono andati in porto anche i previsti tesseramenti del portiere Francesco Privitera e dell&#8217;esterno Alessandro Saglimbeni. Lo stesso non si pu\u00f2 dire invece del centrocampista Mozesh &#8220;Mozzi&#8221; Gyorio, classe &#8217;89, ungherese, ma [&hellip;]<\/p>\n","protected":false},"author":9,"featured_media":7659,"comment_status":"closed","ping_status":"open","sticky":false,"template":"","format":"standard","meta":{"ub_ctt_via":"","_mi_skip_tracking":false},"categories":[10,9],"tags":[],"featured_image_src":"https:\/\/www.messinaoggi.it\/website\/wp-content\/uploads\/2017\/09\/privitera2-2.jpg","author_info":{"display_name":"Roberto Santoro","author_link":"https:\/\/www.messinaoggi.it\/website\/author\/r-santoro\/"},"digistream_id":0,"digistream":false,"_links":{"self":[{"href":"https:\/\/www.messinaoggi.it\/website\/wp-json\/wp\/v2\/posts\/7775"}],"collection":[{"href":"https:\/\/www.messinaoggi.it\/website\/wp-json\/wp\/v2\/posts"}],"about":[{"href":"https:\/\/www.messinaoggi.it\/website\/wp-json\/wp\/v2\/types\/post"}],"author":[{"embeddable":true,"href":"https:\/\/www.messinaoggi.it\/website\/wp-json\/wp\/v2\/users\/9"}],"replies":[{"embeddable":true,"href":"https:\/\/www.messinaoggi.it\/website\/wp-json\/wp\/v2\/comments?post=7775"}],"version-history":[{"count":0,"href":"https:\/\/www.messinaoggi.it\/website\/wp-json\/wp\/v2\/posts\/7775\/revisions"}],"wp:featuredmedia":[{"embeddable":true,"href":"https:\/\/www.messinaoggi.it\/website\/wp-json\/wp\/v2\/media\/7659"}],"wp:attachment":[{"href":"https:\/\/www.messinaoggi.it\/website\/wp-json\/wp\/v2\/media?parent=7775"}],"wp:term":[{"taxonomy":"category","embeddable":true,"href":"https:\/\/www.messinaoggi.it\/website\/wp-json\/wp\/v2\/categories?post=7775"},{"taxonomy":"post_tag","embeddable":true,"href":"https:\/\/www.messinaoggi.it\/website\/wp-json\/wp\/v2\/tags?post=7775"}],"curies":[{"name":"wp","href":"https:\/\/api.w.org\/{rel}","templated":true}]}}