{"id":77696,"date":"2021-08-24T19:19:57","date_gmt":"2021-08-24T17:19:57","guid":{"rendered":"http:\/\/www.messinaoggi.it\/website\/?p=77696"},"modified":"2021-08-24T19:20:51","modified_gmt":"2021-08-24T17:20:51","slug":"vaccinatevi-contro-il-covid-video-appello-di-nino-frassica","status":"publish","type":"post","link":"https:\/\/www.messinaoggi.it\/website\/2021\/08\/24\/vaccinatevi-contro-il-covid-video-appello-di-nino-frassica\/","title":{"rendered":"&#8220;Vaccinatevi contro il Covid&#8221;, video-appello di Nino Frassica"},"content":{"rendered":"\n<p>Nino Frassica lancia un video-appello ai messinesi per convincerli a farsi somministrare il vaccino anti Covid. &#8220;Io sono ignorante ma non sono stupido, la cosa \u00e8 seria: mi sono stancato di ascoltare ogni sera al tg che la Sicilia \u00e8 l&#8217;ultima regione d&#8217;Italia per vaccini e Messina ultima in Sicilia. Non vogliamo essere considerati gli ultimi, vogliamo cambiare la tendenza perch\u00e9 crediamo che Messina e la Sicilia debbano e possano fare di pi\u00f9&#8221;. Con queste parole Frassica scende in campo in prima persona con una &#8220;chiamata alle armi\u2026 anticovid&#8221; per convincere i siciliani e soprattutto gli abitanti della provincia di Messina, della quale \u00e8 originario, a vaccinarsi girando un video-appello al fianco del commissario per l&#8217;emergenza covid Alberto Firenze. &#8220;Bisogna fidarsi della scienza &#8211; dice Frassica &#8211; pensiamo a tutte le conquiste, le scoperte della medicina, senza di esse la nostra vita oggi durerebbe appena 40 anni, io invece voglio viverne almeno 120&#8221;. Nelle ultime settimane il dato allarmante, che invita ad un&#8217;estrema prudenza e attivit\u00e0 preventiva, \u00e8 legato ai bambini, sempre pi\u00f9 spesso ricoverati perch\u00e9 contagiati da genitori non vaccinati. &#8220;Dobbiamo assolutamente evitare che i nostri figli possano infettarsi perch\u00e9 mamma e pap\u00e0 non si vaccinano &#8211; spiega il commissario Firenze &#8211; Quasi il 100% dei ricoverati negli ospedali Covid non sono vaccinati: precisamente il 100% in terapia intensiva non ha vaccino, il 98% in degenza ordinaria lo stesso. Sono numeri che rendono inconfutabile la valenza delle vaccinazioni, l&#8217;unica arma per uscire dall&#8217;incubo della pandemia&#8221;, conclude Firenze. (A<div id=\"div-gpt-ad-Messinaoggi.it-DSK-300x250-corpoart\" style=\"text-align:center;margin:0 auto;\"><\/div><\/p>\n<div id=\"videoincontent\" style=\"clear:both\";><\/div>","protected":false},"excerpt":{"rendered":"<p>Nino Frassica lancia un video-appello ai messinesi per convincerli a farsi somministrare il vaccino anti Covid. &#8220;Io sono ignorante ma non sono stupido, la cosa \u00e8 seria: mi sono stancato di ascoltare ogni sera al tg che la Sicilia \u00e8 l&#8217;ultima regione d&#8217;Italia per vaccini e Messina ultima in Sicilia. Non vogliamo essere considerati gli [&hellip;]<\/p>\n","protected":false},"author":4,"featured_media":49961,"comment_status":"open","ping_status":"open","sticky":false,"template":"","format":"standard","meta":{"ub_ctt_via":"","_mi_skip_tracking":false},"categories":[221],"tags":[227,2848,569],"featured_image_src":"https:\/\/www.messinaoggi.it\/website\/wp-content\/uploads\/2020\/12\/8699419E-0561-44A6-8606-8C97A858EBB7.jpeg","author_info":{"display_name":"redme","author_link":"https:\/\/www.messinaoggi.it\/website\/author\/redme\/"},"digistream_id":0,"digistream":false,"_links":{"self":[{"href":"https:\/\/www.messinaoggi.it\/website\/wp-json\/wp\/v2\/posts\/77696"}],"collection":[{"href":"https:\/\/www.messinaoggi.it\/website\/wp-json\/wp\/v2\/posts"}],"about":[{"href":"https:\/\/www.messinaoggi.it\/website\/wp-json\/wp\/v2\/types\/post"}],"author":[{"embeddable":true,"href":"https:\/\/www.messinaoggi.it\/website\/wp-json\/wp\/v2\/users\/4"}],"replies":[{"embeddable":true,"href":"https:\/\/www.messinaoggi.it\/website\/wp-json\/wp\/v2\/comments?post=77696"}],"version-history":[{"count":1,"href":"https:\/\/www.messinaoggi.it\/website\/wp-json\/wp\/v2\/posts\/77696\/revisions"}],"predecessor-version":[{"id":77697,"href":"https:\/\/www.messinaoggi.it\/website\/wp-json\/wp\/v2\/posts\/77696\/revisions\/77697"}],"wp:featuredmedia":[{"embeddable":true,"href":"https:\/\/www.messinaoggi.it\/website\/wp-json\/wp\/v2\/media\/49961"}],"wp:attachment":[{"href":"https:\/\/www.messinaoggi.it\/website\/wp-json\/wp\/v2\/media?parent=77696"}],"wp:term":[{"taxonomy":"category","embeddable":true,"href":"https:\/\/www.messinaoggi.it\/website\/wp-json\/wp\/v2\/categories?post=77696"},{"taxonomy":"post_tag","embeddable":true,"href":"https:\/\/www.messinaoggi.it\/website\/wp-json\/wp\/v2\/tags?post=77696"}],"curies":[{"name":"wp","href":"https:\/\/api.w.org\/{rel}","templated":true}]}}