{"id":77692,"date":"2021-08-24T19:07:33","date_gmt":"2021-08-24T17:07:33","guid":{"rendered":"https:\/\/www.messinaoggi.it\/website\/2021\/08\/24\/draghi-al-g7-mantenere-contatto-con-afghanistan-anche-dopo-31-agosto\/"},"modified":"2021-08-24T19:07:33","modified_gmt":"2021-08-24T17:07:33","slug":"draghi-al-g7-mantenere-contatto-con-afghanistan-anche-dopo-31-agosto","status":"publish","type":"post","link":"https:\/\/www.messinaoggi.it\/website\/2021\/08\/24\/draghi-al-g7-mantenere-contatto-con-afghanistan-anche-dopo-31-agosto\/","title":{"rendered":"Draghi al G7 \u201cMantenere contatto con Afghanistan anche dopo 31 agosto\u201d"},"content":{"rendered":"<div>ROMA (ITALPRESS) &#8211; L&#8217;evoluzione della situazione in Afghanistan, gli aiuti umanitari, la gestione dei migranti e la lotta al terrorismo sono stati i punti al centro dell&#8217;intervento del presidente del Consiglio Draghi durante la riunione straordinaria del G7, in cui ha ringraziato &#8220;tutti coloro che stanno contribuendo ad assicurare il buon esito delle operazioni di evacuazione a Kabul, in particolare l&#8217;esercito americano, britannico e tedesco&#8221;.<br \/>L&#8217;obiettivo, ha detto Draghi, \u00e8 riuscire a concludere in sicurezza queste operazioni entro fine agosto. Il presidente del Consiglio, in merito, ha sottolineato la necessit\u00e0 di &#8220;mantenere un canale di contatto anche dopo la scadenza del 31 agosto e la possibilit\u00e0 di transitare dall&#8217;Afghanistan in modo sicuro. &#8220;Inoltre, dobbiamo assicurare &#8211; sin da subito &#8211; che le organizzazioni internazionali abbiano accesso all&#8217;Afghanistan anche dopo questa scadenza&#8221;. <br \/>Il presidente del Consiglio ha rivolto un appello ai leader del G7: &#8220;L&#8217;Italia reindirizzer\u00e0 le risorse che erano destinate alle forze militari afghane verso gli aiuti umanitari. Chiedo a tutti voi di unirvi a questo impegno, compatibilmente con la situazione dei vostri Paesi&#8221;.<br \/>Sul tema immigrazione &#8220;saremo in grado di avere un approccio coordinato e comune? Finora &#8211; ha aggiunto Draghi &#8211; sia a livello europeo, sia internazionale, non si \u00e8 stati in grado di farlo. Dobbiamo compiere sforzi enormi su questo&#8221;.<br \/>Per quanto riguarda la lotta al terrorismo &#8220;la nostra cooperazione \u00e8 essenziale ed \u00e8 cruciale agire in modo unitario. E&#8217; fondamentale anche utilizzare tutte le leve diplomatiche e finanziarie a nostra disposizione&#8221;.<br \/>&#8220;Per raggiungere tutti questi obiettivi &#8211; ha concluso Draghi &#8211; credo che il G7 debba mostrarsi unito anche nell&#8217;aprire relazioni con altri Paesi. In questo, il G20 pu\u00f2 aiutare il G7 nel coinvolgimento di altri Paesi che sono molto importanti perch\u00e8 hanno la possibilit\u00e0 di controllare ci\u00f2 che accade in Afghanistan: la Russia, la Cina, l&#8217;Arabia Saudita, la Turchia e l&#8217;India&#8221;.<br \/>(ITALPRESS).<\/div>\n<div id=\"div-gpt-ad-Messinaoggi.it-DSK-300x250-corpoart\" style=\"text-align:center;margin:0 auto;\"><\/div><\/p><div id=\"videoincontent\" style=\"clear:both\";><\/div>","protected":false},"excerpt":{"rendered":"<p>ROMA (ITALPRESS) &#8211; L&#8217;evoluzione della situazione in Afghanistan, gli aiuti umanitari, la gestione dei migranti e la lotta al terrorismo sono stati i punti al centro dell&#8217;intervento del presidente del Consiglio Draghi durante la riunione straordinaria del G7, in cui ha ringraziato &#8220;tutti coloro che stanno contribuendo ad assicurare il buon esito delle operazioni di [&hellip;]<\/p>\n","protected":false},"author":18,"featured_media":77693,"comment_status":"closed","ping_status":"closed","sticky":false,"template":"","format":"standard","meta":{"ub_ctt_via":"","_mi_skip_tracking":false},"categories":[446],"tags":[783],"featured_image_src":"https:\/\/www.messinaoggi.it\/website\/wp-content\/uploads\/2021\/08\/20210824_1807.jpg","author_info":{"display_name":"Admin","author_link":"https:\/\/www.messinaoggi.it\/website\/author\/admin\/"},"digistream_id":0,"digistream":false,"_links":{"self":[{"href":"https:\/\/www.messinaoggi.it\/website\/wp-json\/wp\/v2\/posts\/77692"}],"collection":[{"href":"https:\/\/www.messinaoggi.it\/website\/wp-json\/wp\/v2\/posts"}],"about":[{"href":"https:\/\/www.messinaoggi.it\/website\/wp-json\/wp\/v2\/types\/post"}],"author":[{"embeddable":true,"href":"https:\/\/www.messinaoggi.it\/website\/wp-json\/wp\/v2\/users\/18"}],"replies":[{"embeddable":true,"href":"https:\/\/www.messinaoggi.it\/website\/wp-json\/wp\/v2\/comments?post=77692"}],"version-history":[{"count":0,"href":"https:\/\/www.messinaoggi.it\/website\/wp-json\/wp\/v2\/posts\/77692\/revisions"}],"wp:featuredmedia":[{"embeddable":true,"href":"https:\/\/www.messinaoggi.it\/website\/wp-json\/wp\/v2\/media\/77693"}],"wp:attachment":[{"href":"https:\/\/www.messinaoggi.it\/website\/wp-json\/wp\/v2\/media?parent=77692"}],"wp:term":[{"taxonomy":"category","embeddable":true,"href":"https:\/\/www.messinaoggi.it\/website\/wp-json\/wp\/v2\/categories?post=77692"},{"taxonomy":"post_tag","embeddable":true,"href":"https:\/\/www.messinaoggi.it\/website\/wp-json\/wp\/v2\/tags?post=77692"}],"curies":[{"name":"wp","href":"https:\/\/api.w.org\/{rel}","templated":true}]}}