{"id":77661,"date":"2021-08-24T17:07:38","date_gmt":"2021-08-24T15:07:38","guid":{"rendered":"https:\/\/www.messinaoggi.it\/website\/2021\/08\/24\/afghanistan-guerini-i-militari-italiani-escono-a-testa-alta\/"},"modified":"2021-08-24T17:07:38","modified_gmt":"2021-08-24T15:07:38","slug":"afghanistan-guerini-i-militari-italiani-escono-a-testa-alta","status":"publish","type":"post","link":"https:\/\/www.messinaoggi.it\/website\/2021\/08\/24\/afghanistan-guerini-i-militari-italiani-escono-a-testa-alta\/","title":{"rendered":"Afghanistan, Guerini \u201cI militari italiani escono a testa alta\u201d"},"content":{"rendered":"<div>ROMA (ITALPRESS) &#8211; &#8220;I militari italiani escono a testa alta dal loro impegno in Afghanistan. Lo testimoniano il grande sforzo di questi giorni e ce lo dicono le cifre, i notevoli risultati conseguiti sul terreno, il sentimento di sincera amicizia della popolazione afgana e le innumerevoli testimonianze di apprezzamento che abbiamo raccolto dalle istituzioni a livello locale, con cui abbiamo operato lealmente e costruttivamente dando sempre massima priorit\u00e0 alle esigenze di sviluppo e di sicurezza delle comunit\u00e0 locali, per permettere loro di crescere cos\u00ec anche da rafforzare una comune base identitaria&#8221;. Lo ha detto il ministro della Difesa, Lorenzo Guerini, in audizione presso le Commissione riunite Affari esteri e Difesa di Camera e Senato sulla crisi afghana e i suoi sviluppi. &#8220;L&#8217;operato dei nostri militari, silenzioso e costante, merita il plauso e la gratitudine anche da parte di tutto il popolo italiano, per l&#8217;impegno al servizio dei valori della libert\u00e0 e della democrazia in diverse regioni del pianeta, agendo con riconosciute professionalit\u00e0 e sacrificio. Un sacrifico alle volte estremo &#8211; ha evidenziato &#8211; come quello dei 54 militari che hanno perso la vita in Afghanistan e la cui memoria vive e vivr\u00e0 per sempre nei cuori dei loro commilitoni e di tutti coloro che non dimenticheranno mai il loro servizio al nostro paese. Stiamo impiegando tutte le risorse disponibili e fino a quando le condizioni lo consentiranno faremo ogni sforzo, congiuntamente agli Alleati, per mettere in sicurezza ed evacuare pi\u00f9 persone possibili&#8221;.<br \/>(ITALPRESS).<\/div>\n<div id=\"div-gpt-ad-Messinaoggi.it-DSK-300x250-corpoart\" style=\"text-align:center;margin:0 auto;\"><\/div><\/p><div id=\"videoincontent\" style=\"clear:both\";><\/div>","protected":false},"excerpt":{"rendered":"<p>ROMA (ITALPRESS) &#8211; &#8220;I militari italiani escono a testa alta dal loro impegno in Afghanistan. Lo testimoniano il grande sforzo di questi giorni e ce lo dicono le cifre, i notevoli risultati conseguiti sul terreno, il sentimento di sincera amicizia della popolazione afgana e le innumerevoli testimonianze di apprezzamento che abbiamo raccolto dalle istituzioni a [&hellip;]<\/p>\n","protected":false},"author":18,"featured_media":77662,"comment_status":"closed","ping_status":"closed","sticky":false,"template":"","format":"standard","meta":{"ub_ctt_via":"","_mi_skip_tracking":false},"categories":[446],"tags":[783],"featured_image_src":"https:\/\/www.messinaoggi.it\/website\/wp-content\/uploads\/2021\/08\/20210824_1503.jpg","author_info":{"display_name":"Admin","author_link":"https:\/\/www.messinaoggi.it\/website\/author\/admin\/"},"digistream_id":0,"digistream":false,"_links":{"self":[{"href":"https:\/\/www.messinaoggi.it\/website\/wp-json\/wp\/v2\/posts\/77661"}],"collection":[{"href":"https:\/\/www.messinaoggi.it\/website\/wp-json\/wp\/v2\/posts"}],"about":[{"href":"https:\/\/www.messinaoggi.it\/website\/wp-json\/wp\/v2\/types\/post"}],"author":[{"embeddable":true,"href":"https:\/\/www.messinaoggi.it\/website\/wp-json\/wp\/v2\/users\/18"}],"replies":[{"embeddable":true,"href":"https:\/\/www.messinaoggi.it\/website\/wp-json\/wp\/v2\/comments?post=77661"}],"version-history":[{"count":0,"href":"https:\/\/www.messinaoggi.it\/website\/wp-json\/wp\/v2\/posts\/77661\/revisions"}],"wp:featuredmedia":[{"embeddable":true,"href":"https:\/\/www.messinaoggi.it\/website\/wp-json\/wp\/v2\/media\/77662"}],"wp:attachment":[{"href":"https:\/\/www.messinaoggi.it\/website\/wp-json\/wp\/v2\/media?parent=77661"}],"wp:term":[{"taxonomy":"category","embeddable":true,"href":"https:\/\/www.messinaoggi.it\/website\/wp-json\/wp\/v2\/categories?post=77661"},{"taxonomy":"post_tag","embeddable":true,"href":"https:\/\/www.messinaoggi.it\/website\/wp-json\/wp\/v2\/tags?post=77661"}],"curies":[{"name":"wp","href":"https:\/\/api.w.org\/{rel}","templated":true}]}}