{"id":7766,"date":"2017-09-14T18:25:18","date_gmt":"2017-09-14T16:25:18","guid":{"rendered":"http:\/\/www.messinaoggi.it\/website\/?p=7766"},"modified":"2017-09-14T18:25:18","modified_gmt":"2017-09-14T16:25:18","slug":"vinicio-capossela-prossimamente-al-teatro-vittorio-emanuele","status":"publish","type":"post","link":"https:\/\/www.messinaoggi.it\/website\/2017\/09\/14\/vinicio-capossela-prossimamente-al-teatro-vittorio-emanuele\/","title":{"rendered":"Vinicio Capossela prossimamente al Teatro Vittorio Emanuele"},"content":{"rendered":"<p style=\"text-align: justify\">Tra le diverse tappe del nuovo tour di Vinicio Capossela, dal titolo Ombre nell\u2019Inverno, che prender\u00e0 il via \u00a0l\u201911 novembre, ci sar\u00e0 anche il Teatro Vittorio Emanuele di Messina, dove l\u2019artista si esibir\u00e0 il 16 novembre per l\u2019unica tappa in Sicilia. La nuova avventura sar\u00e0 uno spettacolo ambientato tra ombre, nebbie e riflessi, ma con una struttura libera nel repertorio e nella narrazione. Non sar\u00e0 il concerto di solo disco, ma abbraccer\u00e0 l\u2019intera opera di Vinicio Capossela seguendo il filo conduttore dello spettro che si ripresenta nell\u2019inverno: dai brani umbratili e misteriosi dell\u2019album \u201cCanzoni della Cupa\u201d, alle ballate e alle rese dei conti sparse in tutta la sua produzione.<div id=\"div-gpt-ad-Messinaoggi.it-DSK-300x250-corpoart\" style=\"text-align:center;margin:0 auto;\"><\/div><\/p>\n<p style=\"text-align: justify\">\u00ab&#8221;Ombre nell&#8217;Inverno&#8221; sar\u00e0 il congedo in teatro della stagione della Cupa e dell&#8217;Ombra, nella strettoia del finale di anno, il collo di clessidra di tutti i conti in sospeso. La stagione dell&#8217;avvento e delle epifanie. Il nostro ultimo giro di danza, prima del dissolvimento nel nuovo tempo \u2013 scrive Vinicio Capossela \u2013 Agosto, capo d&#8217;inverno. Col declinare del sole le giornate si accorciano e le ombre si fanno pi\u00f9 lunghe. Si proiettano nell&#8217;Inverno incombente. Ombre del focolare, ombre di spettri e di fantasmi personali. Ombre da trovare nelle tasche dei giacconi e nelle scarpe sfondate dal cammino. Le ombre si allungano d&#8217;inverno, si fanno filiformi e nebbiose, lattee, femminili. Si allungano alla luce del fuoco di un bidone o di una candela, sempre ci parlano di noi, della nostra parte nascosta e pi\u00f9 intima\u00bb.<br \/>\nLo spettacolo \u00e8 realizzato con le Ombre di Anusc Castiglioni. Aggiunge Vinicio Capossela \u00abSar\u00e0 come sedersi intorno ad un fuoco, o stare in piedi accanto ad un bidone in fiamme. Anche la timbrica musicale sar\u00e0 adattata alla stagione ovattata e la formazione impegnata in questi concerti rifletter\u00e0 la scelta\u00bb.<div id=\"videoincontent\" style=\"clear:both\";><\/div><\/p>\n<p style=\"text-align: justify\">Il 2017 \u00e8 stato un anno ricco di grandi successi e riconoscimenti per Vinicio Capossela; a cominciare da giugno, quando\u00a0 \u00a0The Sunday Times ha inserito l\u2019album \u201cOvunque Proteggi\u201d tra i 30 migliori dischi di World Music, scrivendo \u201cCanta come Tom Waits, scrive come Ovidio.\u201d L\u2019artista si \u00e8 aggiudicato il Premio Lunezia Canzone d&#8217;Autore 2017 per l\u2019album &#8220;Canzoni della Cupa&#8221;, dove \u00a0la sua opera \u00e8 stata definita dalla Commissione \u00abAlbum epocale\u00bb e ha vinto anche il prestigioso Premio Tenco 2017, il riconoscimento assegnato dal 1974 alla carriera degli artisti che hanno apportato un contributo significativo alla canzone d\u2019autore mondiale e che colloca cos\u00ec il nome di Capossela accanto a quello di altri grandi cantautori gi\u00e0 vincitori (tra gli altri Leo Ferr\u00e8, George Brassens, Leonard Cohen, Atahualpa Yupanqui, Tom Waits, Caetano Veloso, Joni Mitchell, Patti Smith, Paolo Conte, Renato Carosone, Franco Battiato).<br \/>\nIl tour invernale \u201cOmbra. Canzoni della cupa e altri spaventi\u201d e gli appuntamenti estivi denominati \u201cAtti unici e qualche rivincita\u201d hanno riscosso successo di pubblico e apprezzamenti dalla critica che ha riconosciuto la grande abilit\u00e0 di Capossela di realizzare la cosiddetta \u201csospensione dell\u2019incredulit\u00e0\u201d.<br \/>\nInfine, dal 23 al 27 agosto si \u00e8 svolto lo Sponz Fest in Alta Irpinia, il festival di cui Capossela \u00e8 direttore artistico, giunto quest\u2019anno alla sua quinta edizione, con il titolo &#8220;All&#8217;Incontre&#8217;R &#8211; Rivoluzioni e mondi al rovescio&#8221;. Le cinque giornate hanno toccato cifre record e raddoppiato le presenze rispetto alle passate edizioni: sono arrivate pi\u00f9 di 35 mila persone, un flusso continuo di persone di ogni et\u00e0 e provenienza geografica.<br \/>\nSi tratter\u00e0 di un concerto unico nel suo genere, cos\u00ec come uniche saranno le emozioni che l\u2019artista regaler\u00e0 al suo pubblico.<\/p>\n<p style=\"text-align: justify\">\n","protected":false},"excerpt":{"rendered":"<p>Tra le diverse tappe del nuovo tour di Vinicio Capossela, dal titolo Ombre nell\u2019Inverno, che prender\u00e0 il via \u00a0l\u201911 novembre, ci sar\u00e0 anche il Teatro Vittorio Emanuele di Messina, dove l\u2019artista si esibir\u00e0 il 16 novembre per l\u2019unica tappa in Sicilia. La nuova avventura sar\u00e0 uno spettacolo ambientato tra ombre, nebbie e riflessi, ma con [&hellip;]<\/p>\n","protected":false},"author":5,"featured_media":7769,"comment_status":"closed","ping_status":"open","sticky":false,"template":"","format":"standard","meta":{"ub_ctt_via":"","_mi_skip_tracking":false},"categories":[17],"tags":[],"featured_image_src":"https:\/\/www.messinaoggi.it\/website\/wp-content\/uploads\/2017\/09\/Capossela_-Foto-chico-de-luigi-2-2.jpeg","author_info":{"display_name":"Maria Antonella Saia","author_link":"https:\/\/www.messinaoggi.it\/website\/author\/m-saia\/"},"digistream_id":0,"digistream":false,"_links":{"self":[{"href":"https:\/\/www.messinaoggi.it\/website\/wp-json\/wp\/v2\/posts\/7766"}],"collection":[{"href":"https:\/\/www.messinaoggi.it\/website\/wp-json\/wp\/v2\/posts"}],"about":[{"href":"https:\/\/www.messinaoggi.it\/website\/wp-json\/wp\/v2\/types\/post"}],"author":[{"embeddable":true,"href":"https:\/\/www.messinaoggi.it\/website\/wp-json\/wp\/v2\/users\/5"}],"replies":[{"embeddable":true,"href":"https:\/\/www.messinaoggi.it\/website\/wp-json\/wp\/v2\/comments?post=7766"}],"version-history":[{"count":0,"href":"https:\/\/www.messinaoggi.it\/website\/wp-json\/wp\/v2\/posts\/7766\/revisions"}],"wp:featuredmedia":[{"embeddable":true,"href":"https:\/\/www.messinaoggi.it\/website\/wp-json\/wp\/v2\/media\/7769"}],"wp:attachment":[{"href":"https:\/\/www.messinaoggi.it\/website\/wp-json\/wp\/v2\/media?parent=7766"}],"wp:term":[{"taxonomy":"category","embeddable":true,"href":"https:\/\/www.messinaoggi.it\/website\/wp-json\/wp\/v2\/categories?post=7766"},{"taxonomy":"post_tag","embeddable":true,"href":"https:\/\/www.messinaoggi.it\/website\/wp-json\/wp\/v2\/tags?post=7766"}],"curies":[{"name":"wp","href":"https:\/\/api.w.org\/{rel}","templated":true}]}}