{"id":77659,"date":"2021-08-24T17:07:37","date_gmt":"2021-08-24T15:07:37","guid":{"rendered":"https:\/\/www.messinaoggi.it\/website\/2021\/08\/24\/ita-primi-voli-dal-15-ottobre\/"},"modified":"2021-08-24T17:07:37","modified_gmt":"2021-08-24T15:07:37","slug":"ita-primi-voli-dal-15-ottobre","status":"publish","type":"post","link":"https:\/\/www.messinaoggi.it\/website\/2021\/08\/24\/ita-primi-voli-dal-15-ottobre\/","title":{"rendered":"Ita, primi voli dal 15 ottobre"},"content":{"rendered":"<div>ROMA (ITALPRESS) &#8211; Il 26 agosto ITA avvier\u00e0 le vendite dei biglietti per i propri voli a partire dal 15 ottobre. Il Cda della Compagnia ha deliberato di trasformare in vincolante l&#8217;offerta non-binding gi\u00e0 inviata il 16 agosto all&#8217;amministrazione straordinaria di Alitalia. Questa offerta comprende 52 aeromobili, un numero di slot correlato, oltre ai contratti e agli asset accessori del ramo aviation per avviare le operazioni al 15 ottobre. I biglietti saranno in vendita nella giornata del 26 agosto sul sito www.itaspa.com, nelle agenzie di viaggio e nelle biglietterie aeroportuali. ITA ha individuato la societ\u00e0 Covisian quale fornitore del servizio di gestione dell&#8217;assistenza clienti, al termine della procedura competitiva avviata nelle scorse settimane. Dal 26 agosto ITA avvier\u00e0 una campagna di raccolta di candidature per le figure professionali da inserire successivamente nelle aree operative di volo e di terra e in quelle di staff. ITA ha convocato il 25 agosto alle ore 10:30 le parti sociali con l&#8217;obiettivo di avviare la negoziazione di nuove condizioni di lavoro in linea con le prassi di mercato. Inoltre, in linea con le procedure anti-Covid e a salvaguardia della salute di dipendenti e clienti, ITA sta adottando una policy per cui sar\u00e0 richiesto a tutti i dipendenti il Green Pass. ITA avvier\u00e0 al pi\u00f9 presto il processo di rinnovamento della flotta di partenza, sostituendola con una nuova generazione di aeromobili pi\u00f9 efficienti ed environmental-friendly. Per il presidente di ITA, Alfredo Altavilla, &#8220;condizione indispensabile e nostra prima priorit\u00e0 \u00e8 quella di completare nei tempi pi\u00f9 brevi possibili la trattativa con Alitalia in amministrazione straordinaria per la vendita del perimetro aviation. Confidiamo in una costruttiva interazione con le organizzazioni sindacali per dotare ITA di un nuovo contratto di lavoro innovativo e in grado di assicurare competitivit\u00e0 strutturale all&#8217;azienda con i concorrenti&#8221;.<br \/>\n(ITALPRESS).<\/div>\n<div id=\"div-gpt-ad-Messinaoggi.it-DSK-300x250-corpoart\" style=\"text-align:center;margin:0 auto;\"><\/div><\/p><div id=\"videoincontent\" style=\"clear:both\";><\/div>","protected":false},"excerpt":{"rendered":"<p>ROMA (ITALPRESS) &#8211; Il 26 agosto ITA avvier\u00e0 le vendite dei biglietti per i propri voli a partire dal 15 ottobre. Il Cda della Compagnia ha deliberato di trasformare in vincolante l&#8217;offerta non-binding gi\u00e0 inviata il 16 agosto all&#8217;amministrazione straordinaria di Alitalia. Questa offerta comprende 52 aeromobili, un numero di slot correlato, oltre ai contratti [&hellip;]<\/p>\n","protected":false},"author":18,"featured_media":77660,"comment_status":"closed","ping_status":"closed","sticky":false,"template":"","format":"standard","meta":{"ub_ctt_via":"","_mi_skip_tracking":false},"categories":[446],"tags":[783],"featured_image_src":"https:\/\/www.messinaoggi.it\/website\/wp-content\/uploads\/2021\/08\/20210824_1445.jpg","author_info":{"display_name":"Admin","author_link":"https:\/\/www.messinaoggi.it\/website\/author\/admin\/"},"digistream_id":0,"digistream":false,"_links":{"self":[{"href":"https:\/\/www.messinaoggi.it\/website\/wp-json\/wp\/v2\/posts\/77659"}],"collection":[{"href":"https:\/\/www.messinaoggi.it\/website\/wp-json\/wp\/v2\/posts"}],"about":[{"href":"https:\/\/www.messinaoggi.it\/website\/wp-json\/wp\/v2\/types\/post"}],"author":[{"embeddable":true,"href":"https:\/\/www.messinaoggi.it\/website\/wp-json\/wp\/v2\/users\/18"}],"replies":[{"embeddable":true,"href":"https:\/\/www.messinaoggi.it\/website\/wp-json\/wp\/v2\/comments?post=77659"}],"version-history":[{"count":0,"href":"https:\/\/www.messinaoggi.it\/website\/wp-json\/wp\/v2\/posts\/77659\/revisions"}],"wp:featuredmedia":[{"embeddable":true,"href":"https:\/\/www.messinaoggi.it\/website\/wp-json\/wp\/v2\/media\/77660"}],"wp:attachment":[{"href":"https:\/\/www.messinaoggi.it\/website\/wp-json\/wp\/v2\/media?parent=77659"}],"wp:term":[{"taxonomy":"category","embeddable":true,"href":"https:\/\/www.messinaoggi.it\/website\/wp-json\/wp\/v2\/categories?post=77659"},{"taxonomy":"post_tag","embeddable":true,"href":"https:\/\/www.messinaoggi.it\/website\/wp-json\/wp\/v2\/tags?post=77659"}],"curies":[{"name":"wp","href":"https:\/\/api.w.org\/{rel}","templated":true}]}}