{"id":77653,"date":"2021-08-24T16:07:41","date_gmt":"2021-08-24T14:07:41","guid":{"rendered":"https:\/\/www.messinaoggi.it\/website\/2021\/08\/24\/tajani-in-afghanistan-sconfitta-delloccidente\/"},"modified":"2021-08-24T16:07:41","modified_gmt":"2021-08-24T14:07:41","slug":"tajani-in-afghanistan-sconfitta-delloccidente","status":"publish","type":"post","link":"https:\/\/www.messinaoggi.it\/website\/2021\/08\/24\/tajani-in-afghanistan-sconfitta-delloccidente\/","title":{"rendered":"Tajani \u201cIn Afghanistan sconfitta dell\u2019Occidente\u201d"},"content":{"rendered":"<div>RIMINI (ITALPRESS) &#8211; &#8220;Quella dell&#8217;Afghanistan \u00e8 stata una sconfitta brutta dell&#8217;occidente che ha perso onore e credibilit\u00e0 davanti a milioni di persone alle quali aveva promesso delle cose. La fuga disordinata ha provocato danni ancora maggiori. Bisogna rinviare il termine per salvare le persone che vogliono abbandonare l&#8217;Afghanistan e questo lo possiamo fare solo con una presenza forte a difesa dell&#8217;aeroporto di Kabul ma anche con una presenza che garantisca i corridoi umanitari da Herat a Kabul. Non possiamo abbandonare gli afgani che hanno collaborato con i nostri militari&#8221;. Cos\u00ec Antonio Tajani, vicepresidente di Forza Italia, al dibattito &#8220;Il ruolo dei partiti nella democrazia oggi.<br \/>Incontro con i protagonisti della politica italiana&#8221; al Meeting di Rimini.<br \/>&#8220;Non si pu\u00f2 dialogare con il terrorista e il dialogo con i Talebani \u00e8 impossibile perch\u00e8 non rispettano alcun patto, il loro obiettivo \u00e8 far fuori l&#8217;avversario. I talebani hanno dimostrato negli anni di non saper dialogare con nessuno, ok mantenere il confronto e un rapporto ma non il dialogo, salviamo il maggior numero di vite con una strategia per il futuro &#8211; ha concluso -. L&#8217;Europa deve fare un salto di qualit\u00e0, instaurare una politica estera pi\u00f9 coraggiosa e avere finalmente un&#8217;unica politica di difesa, io credo che dovremmo dar vita a un vero esercito europeo che permetterebbe di intervenire in maniera autonoma per ristabilire la pace. Non sottovalutiamo l&#8217;azione della Cina che ha mire egemoniche sull&#8217;Afghanistan che ha risorse immense e che fanno gola&#8221;.<br \/>(ITALPRESS).<\/div>\n<div id=\"div-gpt-ad-Messinaoggi.it-DSK-300x250-corpoart\" style=\"text-align:center;margin:0 auto;\"><\/div><\/p><div id=\"videoincontent\" style=\"clear:both\";><\/div>","protected":false},"excerpt":{"rendered":"<p>RIMINI (ITALPRESS) &#8211; &#8220;Quella dell&#8217;Afghanistan \u00e8 stata una sconfitta brutta dell&#8217;occidente che ha perso onore e credibilit\u00e0 davanti a milioni di persone alle quali aveva promesso delle cose. La fuga disordinata ha provocato danni ancora maggiori. Bisogna rinviare il termine per salvare le persone che vogliono abbandonare l&#8217;Afghanistan e questo lo possiamo fare solo con [&hellip;]<\/p>\n","protected":false},"author":18,"featured_media":77654,"comment_status":"closed","ping_status":"closed","sticky":false,"template":"","format":"standard","meta":{"ub_ctt_via":"","_mi_skip_tracking":false},"categories":[446],"tags":[783],"featured_image_src":"https:\/\/www.messinaoggi.it\/website\/wp-content\/uploads\/2021\/08\/20210824_1074.jpg","author_info":{"display_name":"Admin","author_link":"https:\/\/www.messinaoggi.it\/website\/author\/admin\/"},"digistream_id":0,"digistream":false,"_links":{"self":[{"href":"https:\/\/www.messinaoggi.it\/website\/wp-json\/wp\/v2\/posts\/77653"}],"collection":[{"href":"https:\/\/www.messinaoggi.it\/website\/wp-json\/wp\/v2\/posts"}],"about":[{"href":"https:\/\/www.messinaoggi.it\/website\/wp-json\/wp\/v2\/types\/post"}],"author":[{"embeddable":true,"href":"https:\/\/www.messinaoggi.it\/website\/wp-json\/wp\/v2\/users\/18"}],"replies":[{"embeddable":true,"href":"https:\/\/www.messinaoggi.it\/website\/wp-json\/wp\/v2\/comments?post=77653"}],"version-history":[{"count":0,"href":"https:\/\/www.messinaoggi.it\/website\/wp-json\/wp\/v2\/posts\/77653\/revisions"}],"wp:featuredmedia":[{"embeddable":true,"href":"https:\/\/www.messinaoggi.it\/website\/wp-json\/wp\/v2\/media\/77654"}],"wp:attachment":[{"href":"https:\/\/www.messinaoggi.it\/website\/wp-json\/wp\/v2\/media?parent=77653"}],"wp:term":[{"taxonomy":"category","embeddable":true,"href":"https:\/\/www.messinaoggi.it\/website\/wp-json\/wp\/v2\/categories?post=77653"},{"taxonomy":"post_tag","embeddable":true,"href":"https:\/\/www.messinaoggi.it\/website\/wp-json\/wp\/v2\/tags?post=77653"}],"curies":[{"name":"wp","href":"https:\/\/api.w.org\/{rel}","templated":true}]}}