{"id":77649,"date":"2021-08-24T16:07:34","date_gmt":"2021-08-24T14:07:34","guid":{"rendered":"https:\/\/www.messinaoggi.it\/website\/2021\/08\/24\/conte-dialogo-con-i-talebani-non-significa-riconoscimento\/"},"modified":"2021-08-24T16:07:34","modified_gmt":"2021-08-24T14:07:34","slug":"conte-dialogo-con-i-talebani-non-significa-riconoscimento","status":"publish","type":"post","link":"https:\/\/www.messinaoggi.it\/website\/2021\/08\/24\/conte-dialogo-con-i-talebani-non-significa-riconoscimento\/","title":{"rendered":"Conte \u201cDialogo con i talebani non significa riconoscimento\u201d"},"content":{"rendered":"<div>RIMINI (ITALPRESS) &#8211; &#8220;Quando parlo di un dialogo con i talebani non significa legittimarli e non significa che riconosco politicamente i talebani. Io dico che bisogna tentare un confronto e credo che questo sia un imperativo morale da parte delle forze occidentali&#8221;. Cos\u00ec il presidente del M5S, Giuseppe Conte, intervenendo al Meeting di Rimini, parlando di Afghanistan.<br \/>\n&#8220;La situazione attuale non contempla altre soluzioni che non siano il dialogo, un&#8217;altra guerra non \u00e8 pensabile e non possiamo lasciare nella disperazione la popolazione afghana&#8221;, ha sottolineato l&#8217;ex premier.<br \/>\n&#8220;Non abbiamo alternative &#8211; ha aggiunto &#8211; in modo da assicurare protezione e tutela della libert\u00e0 per le persone che rimangono, perch\u00e8 saranno la gran parte. Dobbiamo essere realisti, il piano di evacuazione terminer\u00e0 e dobbiamo continuare a lavorare sui corridoi umanitari e preoccuparci di coloro che restano. Quando ho detto questo sono stato tacciato di essere l&#8217;avvocato dei tagliagola&#8230;&#8221;.<br \/>\n(ITALPRESS).<\/div>\n<div id=\"div-gpt-ad-Messinaoggi.it-DSK-300x250-corpoart\" style=\"text-align:center;margin:0 auto;\"><\/div><\/p><div id=\"videoincontent\" style=\"clear:both\";><\/div>","protected":false},"excerpt":{"rendered":"<p>RIMINI (ITALPRESS) &#8211; &#8220;Quando parlo di un dialogo con i talebani non significa legittimarli e non significa che riconosco politicamente i talebani. Io dico che bisogna tentare un confronto e credo che questo sia un imperativo morale da parte delle forze occidentali&#8221;. Cos\u00ec il presidente del M5S, Giuseppe Conte, intervenendo al Meeting di Rimini, parlando [&hellip;]<\/p>\n","protected":false},"author":18,"featured_media":77650,"comment_status":"closed","ping_status":"closed","sticky":false,"template":"","format":"standard","meta":{"ub_ctt_via":"","_mi_skip_tracking":false},"categories":[446],"tags":[783],"featured_image_src":"https:\/\/www.messinaoggi.it\/website\/wp-content\/uploads\/2021\/08\/20210824_1033.jpg","author_info":{"display_name":"Admin","author_link":"https:\/\/www.messinaoggi.it\/website\/author\/admin\/"},"digistream_id":0,"digistream":false,"_links":{"self":[{"href":"https:\/\/www.messinaoggi.it\/website\/wp-json\/wp\/v2\/posts\/77649"}],"collection":[{"href":"https:\/\/www.messinaoggi.it\/website\/wp-json\/wp\/v2\/posts"}],"about":[{"href":"https:\/\/www.messinaoggi.it\/website\/wp-json\/wp\/v2\/types\/post"}],"author":[{"embeddable":true,"href":"https:\/\/www.messinaoggi.it\/website\/wp-json\/wp\/v2\/users\/18"}],"replies":[{"embeddable":true,"href":"https:\/\/www.messinaoggi.it\/website\/wp-json\/wp\/v2\/comments?post=77649"}],"version-history":[{"count":0,"href":"https:\/\/www.messinaoggi.it\/website\/wp-json\/wp\/v2\/posts\/77649\/revisions"}],"wp:featuredmedia":[{"embeddable":true,"href":"https:\/\/www.messinaoggi.it\/website\/wp-json\/wp\/v2\/media\/77650"}],"wp:attachment":[{"href":"https:\/\/www.messinaoggi.it\/website\/wp-json\/wp\/v2\/media?parent=77649"}],"wp:term":[{"taxonomy":"category","embeddable":true,"href":"https:\/\/www.messinaoggi.it\/website\/wp-json\/wp\/v2\/categories?post=77649"},{"taxonomy":"post_tag","embeddable":true,"href":"https:\/\/www.messinaoggi.it\/website\/wp-json\/wp\/v2\/tags?post=77649"}],"curies":[{"name":"wp","href":"https:\/\/api.w.org\/{rel}","templated":true}]}}