{"id":77625,"date":"2021-08-24T13:07:49","date_gmt":"2021-08-24T11:07:49","guid":{"rendered":"https:\/\/www.messinaoggi.it\/website\/2021\/08\/24\/sisma-centro-italia-draghi-a-familiari-vittime-lo-stato-vi-e-vicino\/"},"modified":"2021-08-24T13:07:49","modified_gmt":"2021-08-24T11:07:49","slug":"sisma-centro-italia-draghi-a-familiari-vittime-lo-stato-vi-e-vicino","status":"publish","type":"post","link":"https:\/\/www.messinaoggi.it\/website\/2021\/08\/24\/sisma-centro-italia-draghi-a-familiari-vittime-lo-stato-vi-e-vicino\/","title":{"rendered":"Sisma Centro Italia, Draghi a familiari vittime \u201cLo Stato vi \u00e8 vicino\u201d"},"content":{"rendered":"<div>AMATRICE (RIETI) (ITALPRESS) &#8211; Il presidente del Consiglio, Mario Draghi, questa mattina ad Amatrice ha incontrato una delegazione di familiari delle vittime del terremoto. Draghi ha ascoltato &#8220;con grande attenzione e partecipazione le loro parole&#8221;, rende noto Palazzo Chigi.<br \/>&#8220;Se oggi sono qui \u00e8 perch\u00e8 lo Stato vi \u00e8 vicino. In passato \u00e8 stato lento ma adesso la situazione \u00e8 diversa: i lavori di ricostruzione stanno procedendo pi\u00f9 velocemente. Sono oggi qui a portarvi fiducia e l&#8217;impegno del Governo&#8221;, ha detto il presidente del Consiglio.<br \/>Nel corso dell&#8217;incontro \u00e8 stato anche affrontato il tema, da anni portato avanti dai familiari, della creazione di un fondo per le vittime degli eventi sismici, sul quale &#8211; \u00e8 stato ricordato &#8211; c&#8217;\u00e8 gi\u00e0 una iniziativa parlamentare e che \u00e8 anche all&#8217;attenzione del Governo.<br \/>(ITALPRESS).<\/div>\n<div id=\"div-gpt-ad-Messinaoggi.it-DSK-300x250-corpoart\" style=\"text-align:center;margin:0 auto;\"><\/div><\/p><div id=\"videoincontent\" style=\"clear:both\";><\/div>","protected":false},"excerpt":{"rendered":"<p>AMATRICE (RIETI) (ITALPRESS) &#8211; Il presidente del Consiglio, Mario Draghi, questa mattina ad Amatrice ha incontrato una delegazione di familiari delle vittime del terremoto. Draghi ha ascoltato &#8220;con grande attenzione e partecipazione le loro parole&#8221;, rende noto Palazzo Chigi.&#8220;Se oggi sono qui \u00e8 perch\u00e8 lo Stato vi \u00e8 vicino. In passato \u00e8 stato lento ma [&hellip;]<\/p>\n","protected":false},"author":18,"featured_media":77626,"comment_status":"closed","ping_status":"closed","sticky":false,"template":"","format":"standard","meta":{"ub_ctt_via":"","_mi_skip_tracking":false},"categories":[446],"tags":[783],"featured_image_src":"https:\/\/www.messinaoggi.it\/website\/wp-content\/uploads\/2021\/08\/20210824_0495.jpg","author_info":{"display_name":"Admin","author_link":"https:\/\/www.messinaoggi.it\/website\/author\/admin\/"},"digistream_id":0,"digistream":false,"_links":{"self":[{"href":"https:\/\/www.messinaoggi.it\/website\/wp-json\/wp\/v2\/posts\/77625"}],"collection":[{"href":"https:\/\/www.messinaoggi.it\/website\/wp-json\/wp\/v2\/posts"}],"about":[{"href":"https:\/\/www.messinaoggi.it\/website\/wp-json\/wp\/v2\/types\/post"}],"author":[{"embeddable":true,"href":"https:\/\/www.messinaoggi.it\/website\/wp-json\/wp\/v2\/users\/18"}],"replies":[{"embeddable":true,"href":"https:\/\/www.messinaoggi.it\/website\/wp-json\/wp\/v2\/comments?post=77625"}],"version-history":[{"count":0,"href":"https:\/\/www.messinaoggi.it\/website\/wp-json\/wp\/v2\/posts\/77625\/revisions"}],"wp:featuredmedia":[{"embeddable":true,"href":"https:\/\/www.messinaoggi.it\/website\/wp-json\/wp\/v2\/media\/77626"}],"wp:attachment":[{"href":"https:\/\/www.messinaoggi.it\/website\/wp-json\/wp\/v2\/media?parent=77625"}],"wp:term":[{"taxonomy":"category","embeddable":true,"href":"https:\/\/www.messinaoggi.it\/website\/wp-json\/wp\/v2\/categories?post=77625"},{"taxonomy":"post_tag","embeddable":true,"href":"https:\/\/www.messinaoggi.it\/website\/wp-json\/wp\/v2\/tags?post=77625"}],"curies":[{"name":"wp","href":"https:\/\/api.w.org\/{rel}","templated":true}]}}