{"id":7761,"date":"2017-09-14T11:46:45","date_gmt":"2017-09-14T09:46:45","guid":{"rendered":"http:\/\/www.messinaoggi.it\/website\/?p=7761"},"modified":"2017-09-14T11:46:45","modified_gmt":"2017-09-14T09:46:45","slug":"lex-rivoluzionario-rosario-crocetta","status":"publish","type":"post","link":"https:\/\/www.messinaoggi.it\/website\/2017\/09\/14\/lex-rivoluzionario-rosario-crocetta\/","title":{"rendered":"L&#039;ex rivoluzionario Rosario Crocetta"},"content":{"rendered":"<p>Nata come \u201cRivoluzione\u201d, finisce nel peggiore dei modi. Rosario Crocetta si appresta a concludere il suo mandato nel peggiore dei modi. Seguendo le orme della vecchia politica che egli stesso ha sempre ripugnato. A parole.<br \/>\nLe recenti nomine sono lo specchio fedeli dei predicatori del nulla, di coloro i quali stigmatizzano l\u2019operato degli altri evitando gli specchi. Il coro unanime d\u2019indignazione per le ultime porcherie compiute da Crocetta \u00e8 condivisibile. Lui che ha sempre criticato aspramente attraverso piroette dialettiche quelli che c\u2019erano prima, millantando rivoluzioni immaginate, non deve prendersela con nessuno se non con s\u00e9 stesso.<br \/>\nCrocetta ha sbagliato e questo lo deve sapere. Certo qualcosa di buono l\u2019avr\u00e0 anche fatta, ma stentiamo a trovarla perch\u00e9 la percezione dei siciliani non \u00e8 per nulla positiva. Come non toccare il capitolo degli assessori, 59 in cinque anni sono troppi. Una mortificazione per i \u201csilurati\u201d e quelli che gli sono succeduti. La media \u00e8 impressionante, quasi 12 all\u2019anno, come se il governo regionale fosse un albergo con le porte girevoli. Dai \u201cbig\u201d ai meno conosciuti, nessuno di loro ha lasciato il segno se non all\u2019interno del cerchio magico. A beneficiare i sodali di un governatore che passer\u00e0 alla storia pi\u00f9 per la sua incoerenza che per il buon governo.<br \/>\nA meno di due mesi dalle votazioni, Crocetta ha avuto la capacit\u00e0 di attirare su di s\u00e9 le comprensibili ire di quanti provano disgusto per la politica con la \u201cp\u201d minuscola. Come i personaggetti che hanno occupato le stanze dei bottoni.<div id=\"div-gpt-ad-Messinaoggi.it-DSK-300x250-corpoart\" style=\"text-align:center;margin:0 auto;\"><\/div><\/p>\n<div id=\"videoincontent\" style=\"clear:both\";><\/div>","protected":false},"excerpt":{"rendered":"<p>Nata come \u201cRivoluzione\u201d, finisce nel peggiore dei modi. Rosario Crocetta si appresta a concludere il suo mandato nel peggiore dei modi. Seguendo le orme della vecchia politica che egli stesso ha sempre ripugnato. A parole. Le recenti nomine sono lo specchio fedeli dei predicatori del nulla, di coloro i quali stigmatizzano l\u2019operato degli altri evitando [&hellip;]<\/p>\n","protected":false},"author":2,"featured_media":1647,"comment_status":"closed","ping_status":"open","sticky":false,"template":"","format":"standard","meta":{"ub_ctt_via":"","_mi_skip_tracking":false},"categories":[6],"tags":[],"featured_image_src":"https:\/\/www.messinaoggi.it\/website\/wp-content\/uploads\/2017\/06\/Crocetta-Rosario-5.jpg","author_info":{"display_name":"Redazione","author_link":"https:\/\/www.messinaoggi.it\/website\/author\/redazione\/"},"digistream_id":0,"digistream":false,"_links":{"self":[{"href":"https:\/\/www.messinaoggi.it\/website\/wp-json\/wp\/v2\/posts\/7761"}],"collection":[{"href":"https:\/\/www.messinaoggi.it\/website\/wp-json\/wp\/v2\/posts"}],"about":[{"href":"https:\/\/www.messinaoggi.it\/website\/wp-json\/wp\/v2\/types\/post"}],"author":[{"embeddable":true,"href":"https:\/\/www.messinaoggi.it\/website\/wp-json\/wp\/v2\/users\/2"}],"replies":[{"embeddable":true,"href":"https:\/\/www.messinaoggi.it\/website\/wp-json\/wp\/v2\/comments?post=7761"}],"version-history":[{"count":0,"href":"https:\/\/www.messinaoggi.it\/website\/wp-json\/wp\/v2\/posts\/7761\/revisions"}],"wp:featuredmedia":[{"embeddable":true,"href":"https:\/\/www.messinaoggi.it\/website\/wp-json\/wp\/v2\/media\/1647"}],"wp:attachment":[{"href":"https:\/\/www.messinaoggi.it\/website\/wp-json\/wp\/v2\/media?parent=7761"}],"wp:term":[{"taxonomy":"category","embeddable":true,"href":"https:\/\/www.messinaoggi.it\/website\/wp-json\/wp\/v2\/categories?post=7761"},{"taxonomy":"post_tag","embeddable":true,"href":"https:\/\/www.messinaoggi.it\/website\/wp-json\/wp\/v2\/tags?post=7761"}],"curies":[{"name":"wp","href":"https:\/\/api.w.org\/{rel}","templated":true}]}}