{"id":77608,"date":"2021-08-24T09:56:57","date_gmt":"2021-08-24T07:56:57","guid":{"rendered":"http:\/\/www.messinaoggi.it\/website\/?p=77608"},"modified":"2021-08-24T09:57:03","modified_gmt":"2021-08-24T07:57:03","slug":"isola-pedonale-torre-faro-atm-attiva-il-servizio-di-trasporto-per-i-soggetti-fragili","status":"publish","type":"post","link":"https:\/\/www.messinaoggi.it\/website\/2021\/08\/24\/isola-pedonale-torre-faro-atm-attiva-il-servizio-di-trasporto-per-i-soggetti-fragili\/","title":{"rendered":"Isola pedonale Torre Faro, ATM attiva il servizio di trasporto per i soggetti fragili"},"content":{"rendered":"\n<p>Attivato nell\u2019isola pedonale di Torre Faro il servizio di trasporto a chiamata per i soggetti fragili targato ATM. Il servizio nasce dalla volont\u00e0 di andare incontro alle esigenze dei residenti della zona che quotidianamente avrebbero avuto difficolt\u00e0 ad usufruire dei servizi interni ed in prossimit\u00e0 dell\u2019isola di Torre Faro.<div id=\"div-gpt-ad-Messinaoggi.it-DSK-300x250-corpoart\" style=\"text-align:center;margin:0 auto;\"><\/div><\/p>\n\n\n\n<p>\u201cUn esempio di come l\u2019attenzione nei confronti di questo ambizioso progetto di pedonalizzazioni sia alta e mirata a migliorare gli standard di vivibilit\u00e0 del borgo marinaro. Il servizio a chiamata ha riscosso un grande successo tra i fruitori dell\u2019isola pedonale, i quali \u2013 sottolinea il Presidente di ATM Pippo Campagna \u2013 non hanno mancato di evidenziare la cortesia e la disponibilit\u00e0 del personale dell\u2019Azienda Trasporti, divenuto ormai un quotidiano riferimento per molti cittadini del borgo.<div id=\"videoincontent\" style=\"clear:both\";><\/div><\/p>\n\n\n\n<p>\u201cL\u2019impegno di ATM nella gestione dell\u2019isola pedonale si sta traducendo in importanti azioni volte a migliorare la mobilit\u00e0 del borgo e la cultura della mobilit\u00e0 sostenibile, impegno reso possibile anche grazie alla gestione del parcheggio Torri Morandi e dal collegamento da e per Torre Faro garantito dalle linee ATM\u201d.<\/p>\n\n\n\n<p><strong>Come usare il servizio.<\/strong> l servizio dedicato ai soggetti fragili \u00e8 gratuito ed \u00e8 attivo tutti i giorni dalle ore 9 alle 20, chiamando il numero 3341128629, ed \u00e8 complementare ai servizi di navetta gratuita Torri Morandi (n. 38) ed il servizio speciale Torre Faro.<\/p>\n","protected":false},"excerpt":{"rendered":"<p>Attivato nell\u2019isola pedonale di Torre Faro il servizio di trasporto a chiamata per i soggetti fragili targato ATM. Il servizio nasce dalla volont\u00e0 di andare incontro alle esigenze dei residenti della zona che quotidianamente avrebbero avuto difficolt\u00e0 ad usufruire dei servizi interni ed in prossimit\u00e0 dell\u2019isola di Torre Faro. \u201cUn esempio di come l\u2019attenzione nei [&hellip;]<\/p>\n","protected":false},"author":8,"featured_media":77609,"comment_status":"open","ping_status":"open","sticky":false,"template":"","format":"standard","meta":{"ub_ctt_via":"","_mi_skip_tracking":false},"categories":[5],"tags":[2092,2847],"featured_image_src":"https:\/\/www.messinaoggi.it\/website\/wp-content\/uploads\/2021\/08\/trasporto-soggetti-fragili-300x214-1.jpg","author_info":{"display_name":"red..me","author_link":"https:\/\/www.messinaoggi.it\/website\/author\/redstage\/"},"digistream_id":0,"digistream":false,"_links":{"self":[{"href":"https:\/\/www.messinaoggi.it\/website\/wp-json\/wp\/v2\/posts\/77608"}],"collection":[{"href":"https:\/\/www.messinaoggi.it\/website\/wp-json\/wp\/v2\/posts"}],"about":[{"href":"https:\/\/www.messinaoggi.it\/website\/wp-json\/wp\/v2\/types\/post"}],"author":[{"embeddable":true,"href":"https:\/\/www.messinaoggi.it\/website\/wp-json\/wp\/v2\/users\/8"}],"replies":[{"embeddable":true,"href":"https:\/\/www.messinaoggi.it\/website\/wp-json\/wp\/v2\/comments?post=77608"}],"version-history":[{"count":1,"href":"https:\/\/www.messinaoggi.it\/website\/wp-json\/wp\/v2\/posts\/77608\/revisions"}],"predecessor-version":[{"id":77610,"href":"https:\/\/www.messinaoggi.it\/website\/wp-json\/wp\/v2\/posts\/77608\/revisions\/77610"}],"wp:featuredmedia":[{"embeddable":true,"href":"https:\/\/www.messinaoggi.it\/website\/wp-json\/wp\/v2\/media\/77609"}],"wp:attachment":[{"href":"https:\/\/www.messinaoggi.it\/website\/wp-json\/wp\/v2\/media?parent=77608"}],"wp:term":[{"taxonomy":"category","embeddable":true,"href":"https:\/\/www.messinaoggi.it\/website\/wp-json\/wp\/v2\/categories?post=77608"},{"taxonomy":"post_tag","embeddable":true,"href":"https:\/\/www.messinaoggi.it\/website\/wp-json\/wp\/v2\/tags?post=77608"}],"curies":[{"name":"wp","href":"https:\/\/api.w.org\/{rel}","templated":true}]}}