{"id":776,"date":"2017-05-28T21:04:28","date_gmt":"2017-05-28T19:04:28","guid":{"rendered":"http:\/\/www.messinaoggi.it\/website\/?p=776"},"modified":"2017-05-28T21:04:28","modified_gmt":"2017-05-28T19:04:28","slug":"de-andre-canta-de-andre","status":"publish","type":"post","link":"https:\/\/www.messinaoggi.it\/website\/2017\/05\/28\/de-andre-canta-de-andre\/","title":{"rendered":"De Andr\u00e8 canta De Andr\u00e9"},"content":{"rendered":"<p>Con il palcoscenico ancora fumante per il recente successo di Rita Botto\u00a0 e la Banda di Avola \u00a0la citt\u00e0 di \u00a0Barcellona Pozzo di Gotto, e, ancor di pi\u00f9, il Teatro Placido Mandanici sono \u00a0pronti ad accogliere le emozioni che vorr\u00e0 regalarci Cristiano\u00a0 De\u00a0 Andr\u00e8 con\u00a0 il suo \u201cDe Andr\u00e9 canta De Andr\u00e9\u201d, in scena sabato 18, alle ore 21. 00. \u201cLo spettacolo, unica data in Sicilia, \u00e8 un progetto \u2013 dice l\u2019artista &#8211; che mi ha permesso e mi permette di portare avanti l\u2019eredit\u00e0 artistica di mio padre caratterizzandola per\u00f2 con nuovi arrangiamenti che possano esprimere la mia personalit\u00e0 musicale e allo stesso tempo donino un nuovo vestito alle opere, una mia impronta. Mi auguro che cos\u00ec facendo la poesia di mio padre possa arrivare a toccare le anime pi\u00f9 giovani, a coinvolgere anche chi non ascolta la canzone prettamente d\u2019autore\u201d.<br \/>\nIl motivo di questa sua diffusione dei lavori paterni\u00a0 \u00e8\u00a0 da ricercarsi nella sua \u00a0autobiografia.<br \/>\n<img loading=\"lazy\" src=\"http:\/\/www.messinaoggi.eu\/uploads\/Maria%20Antonella%20Saia\/Spettacoli\/Cristiano%20De%20Andr%C3%A9%20@%20Dino%20Buffagni2_b%20(2).jpg\" alt=\"\" width=\"554\" height=\"467\" \/><br \/>\nAttesissimo, il tour 2017, organizzato dalla Concerto Music,\u00a0 che lo\u00a0 vedr\u00e0 impegnato \u00a0sui palchi dei maggiori teatri italiani dove interpreter\u00e0 un repertorio ricco di nuovi brani del padre che si affiancheranno a quelli contenuti nei progetti discografici di grande successo \u201cDe Andr\u00e9 canta De Andr\u00e9 \u2013 Vol. 1\u201d (2009) e \u201cDe Andr\u00e9 canta De Andr\u00e9 \u2013 Vol. 2\u201d (2010) e ai suoi brani pi\u00f9 celebri.<br \/>\n\u201cCostruire una stagione teatrale \u00e8 costruire un racconto, e\u00a0 il racconto \u00e8 fatto di ci\u00f2 che speri possa piacere al pubblico e di ci\u00f2 che piacer\u00e0 al pubblico; il racconto \u00e8 fatto di storie che sono anche le tue storie:\u00a0 nel caso di \u2018De Andr\u00e8 canta De Andr\u00e9\u2019 \u2013 aggiunge il direttore artistico <strong>Sergio Maifredi<\/strong> &#8211; ho voluto portare a Barcellona Pozzo di Gotto una parte anche della mia storia per farla incontrare con quella dei cittadini di Barcellona e dell&#8217;intera Sicilia,\u00a0 in un dialogo tra due terre, la Sicilia e la Liguria, due regioni affacciate sul mare dove la lingua di Fabrizio De Andr\u00e8 \u00e8 splendidamente reincarnata nella voce e nella musica di suo figlio Cristiano\u201d.<br \/>\nQueste le premesse di un\u2019altra grande serata densa di emozioni nelle quali perdersi e allo stesso tempo lasciarsi travolgere.<div id=\"div-gpt-ad-Messinaoggi.it-DSK-300x250-corpoart\" style=\"text-align:center;margin:0 auto;\"><\/div><\/p>\n<div id=\"videoincontent\" style=\"clear:both\";><\/div>","protected":false},"excerpt":{"rendered":"<p>Con il palcoscenico ancora fumante per il recente successo di Rita Botto\u00a0 e la Banda di Avola \u00a0la citt\u00e0 di \u00a0Barcellona Pozzo di Gotto, e, ancor di pi\u00f9, il Teatro Placido Mandanici sono \u00a0pronti ad accogliere le emozioni che vorr\u00e0 regalarci Cristiano\u00a0 De\u00a0 Andr\u00e8 con\u00a0 il suo \u201cDe Andr\u00e9 canta De Andr\u00e9\u201d, in scena sabato [&hellip;]<\/p>\n","protected":false},"author":5,"featured_media":777,"comment_status":"closed","ping_status":"open","sticky":false,"template":"","format":"standard","meta":{"ub_ctt_via":"","_mi_skip_tracking":false},"categories":[17],"tags":[],"featured_image_src":"https:\/\/www.messinaoggi.it\/website\/wp-content\/uploads\/2017\/05\/Cristiano-De-Andre-@-Dino-Buffagni_b-2-2.jpg","author_info":{"display_name":"Maria Antonella Saia","author_link":"https:\/\/www.messinaoggi.it\/website\/author\/m-saia\/"},"digistream_id":0,"digistream":false,"_links":{"self":[{"href":"https:\/\/www.messinaoggi.it\/website\/wp-json\/wp\/v2\/posts\/776"}],"collection":[{"href":"https:\/\/www.messinaoggi.it\/website\/wp-json\/wp\/v2\/posts"}],"about":[{"href":"https:\/\/www.messinaoggi.it\/website\/wp-json\/wp\/v2\/types\/post"}],"author":[{"embeddable":true,"href":"https:\/\/www.messinaoggi.it\/website\/wp-json\/wp\/v2\/users\/5"}],"replies":[{"embeddable":true,"href":"https:\/\/www.messinaoggi.it\/website\/wp-json\/wp\/v2\/comments?post=776"}],"version-history":[{"count":0,"href":"https:\/\/www.messinaoggi.it\/website\/wp-json\/wp\/v2\/posts\/776\/revisions"}],"wp:featuredmedia":[{"embeddable":true,"href":"https:\/\/www.messinaoggi.it\/website\/wp-json\/wp\/v2\/media\/777"}],"wp:attachment":[{"href":"https:\/\/www.messinaoggi.it\/website\/wp-json\/wp\/v2\/media?parent=776"}],"wp:term":[{"taxonomy":"category","embeddable":true,"href":"https:\/\/www.messinaoggi.it\/website\/wp-json\/wp\/v2\/categories?post=776"},{"taxonomy":"post_tag","embeddable":true,"href":"https:\/\/www.messinaoggi.it\/website\/wp-json\/wp\/v2\/tags?post=776"}],"curies":[{"name":"wp","href":"https:\/\/api.w.org\/{rel}","templated":true}]}}