{"id":77518,"date":"2021-08-23T14:53:48","date_gmt":"2021-08-23T12:53:48","guid":{"rendered":"http:\/\/www.messinaoggi.it\/website\/?p=77518"},"modified":"2021-08-23T14:54:13","modified_gmt":"2021-08-23T12:54:13","slug":"asm-di-taormina-e-gia-iniziata-lera-auteri","status":"publish","type":"post","link":"https:\/\/www.messinaoggi.it\/website\/2021\/08\/23\/asm-di-taormina-e-gia-iniziata-lera-auteri\/","title":{"rendered":"Asm di Taormina, \u00e8 gi\u00e0 iniziata l&#8217;era Auteri"},"content":{"rendered":"\n<p>Prima riunione programmatica del nuovo Cda dell&#8217;Asm dopo la conclusione delle decennale fase di liquidazione decisa dall&#8217;assemblea cittadina. Il consiglio di amministrazione succede al periodo guidato dal commissario, Antonio Fiumefreddo, che si \u00e8 occupato della principale azienda cittadina nella fase finale. Questa mattina si \u00e8 riunito a Palazzo dei giurati, sede del Comune, il nuovo Cda che \u00e8 composto dal presidente, Finuccio Auteri e dai componenti, Mario Smiroldo e Stefano Loria. Un momento questo che si \u00e8 svolto alla presenza del sindaco, Mario Bolognari e del segretario comunale, Giuseppe Bartorilla. Si \u00e8 fatto, dunque, il punto della situazione dell&#8217;Azienda che cade nelle giornate di maggiore sforzo dei servizi gestiti da Asm in considerazione del grande movimento turistico che sta interessando Taormina in questi giorni. &#8220;Ritengo che sia necessario ripristinare &#8211; ha commentato il neo indicato presidente Auteri al termine della riunione &#8211; in questa fase la fiducia, che si \u00e8 persa nel tempo, nella politica sia a livello generale che locale. Cerchiamo adesso di dare dimostrazione che, appunto, la politica con la &#8220;P&#8221; maiuscola ancora si pu\u00f2 fare. Urge ora razionalizzare tutti i servizi. Un iter questo che \u00e8 stato gi\u00e0 stato attivato dalla precedente gestione commissariale. Vogliamo, comunque ulteriormente ottimizzare quanto avviato. Abbiamo, anche altre idee in cantiere di cui bisogna verificare la fattibilit\u00e0 ma, soprattutto, ritengo indispensabile, nel momento economico ed amministrativo che sta attraversando l&#8217;amministrazione comunale, per la questione relativa all&#8217;annunciato default ed altre vicissitudini, dare una mano seria alla citt\u00e0 con la nostra presenza e la nostra attivit\u00e0, organizzandoci al meglio&#8221;. Si punta, dunque, ad un ulteriore rilancio dell&#8217;Azienda servizi municipalizzati che rappresenta la punta di diamante dell&#8217;accoglienza della citt\u00e0 simbolo del turismo isolano ed oltre.<div id=\"div-gpt-ad-Messinaoggi.it-DSK-300x250-corpoart\" style=\"text-align:center;margin:0 auto;\"><\/div><\/p>\n<div id=\"videoincontent\" style=\"clear:both\";><\/div>","protected":false},"excerpt":{"rendered":"<p>Prima riunione programmatica del nuovo Cda dell&#8217;Asm dopo la conclusione delle decennale fase di liquidazione decisa dall&#8217;assemblea cittadina. Il consiglio di amministrazione succede al periodo guidato dal commissario, Antonio Fiumefreddo, che si \u00e8 occupato della principale azienda cittadina nella fase finale. Questa mattina si \u00e8 riunito a Palazzo dei giurati, sede del Comune, il nuovo [&hellip;]<\/p>\n","protected":false},"author":4,"featured_media":77519,"comment_status":"open","ping_status":"open","sticky":false,"template":"","format":"standard","meta":{"ub_ctt_via":"","_mi_skip_tracking":false},"categories":[3],"tags":[639,2831,73],"featured_image_src":"https:\/\/www.messinaoggi.it\/website\/wp-content\/uploads\/2021\/08\/IMG-20210823-WA0014.jpg","author_info":{"display_name":"redme","author_link":"https:\/\/www.messinaoggi.it\/website\/author\/redme\/"},"digistream_id":0,"digistream":false,"_links":{"self":[{"href":"https:\/\/www.messinaoggi.it\/website\/wp-json\/wp\/v2\/posts\/77518"}],"collection":[{"href":"https:\/\/www.messinaoggi.it\/website\/wp-json\/wp\/v2\/posts"}],"about":[{"href":"https:\/\/www.messinaoggi.it\/website\/wp-json\/wp\/v2\/types\/post"}],"author":[{"embeddable":true,"href":"https:\/\/www.messinaoggi.it\/website\/wp-json\/wp\/v2\/users\/4"}],"replies":[{"embeddable":true,"href":"https:\/\/www.messinaoggi.it\/website\/wp-json\/wp\/v2\/comments?post=77518"}],"version-history":[{"count":1,"href":"https:\/\/www.messinaoggi.it\/website\/wp-json\/wp\/v2\/posts\/77518\/revisions"}],"predecessor-version":[{"id":77520,"href":"https:\/\/www.messinaoggi.it\/website\/wp-json\/wp\/v2\/posts\/77518\/revisions\/77520"}],"wp:featuredmedia":[{"embeddable":true,"href":"https:\/\/www.messinaoggi.it\/website\/wp-json\/wp\/v2\/media\/77519"}],"wp:attachment":[{"href":"https:\/\/www.messinaoggi.it\/website\/wp-json\/wp\/v2\/media?parent=77518"}],"wp:term":[{"taxonomy":"category","embeddable":true,"href":"https:\/\/www.messinaoggi.it\/website\/wp-json\/wp\/v2\/categories?post=77518"},{"taxonomy":"post_tag","embeddable":true,"href":"https:\/\/www.messinaoggi.it\/website\/wp-json\/wp\/v2\/tags?post=77518"}],"curies":[{"name":"wp","href":"https:\/\/api.w.org\/{rel}","templated":true}]}}