{"id":7748,"date":"2017-09-14T09:57:46","date_gmt":"2017-09-14T07:57:46","guid":{"rendered":"http:\/\/www.messinaoggi.it\/website\/?p=7748"},"modified":"2017-09-14T09:57:46","modified_gmt":"2017-09-14T07:57:46","slug":"dietrofront-su-treni-notte-uiltrasporti-non-si-fida-marcia-indietro-poco-convincente","status":"publish","type":"post","link":"https:\/\/www.messinaoggi.it\/website\/2017\/09\/14\/dietrofront-su-treni-notte-uiltrasporti-non-si-fida-marcia-indietro-poco-convincente\/","title":{"rendered":"Dietrofront su treni notte, Uiltrasporti non si fida: &quot;Marcia indietro poco convincente&quot;"},"content":{"rendered":"<p>&#8220;La smentita di Trenitalia sul taglio programmato di un treno notte Sicilia-Roma a partire dal 1\u00b0 ottobre giunta ieri in maniera ufficiale a tutte le organizzazioni sindacali, suona come una marcia indietro poco convincente. Secondo la Uiltrasporti Sicilia solo il clima pre elettorale ha spinto il gruppo Fs a fermare il progetto che tuttavia siamo certi sia ancora allo studio e nelle intenzioni del gruppo.<br \/>\nNonostante gli interventi tempestivi del ministro e la solerte risposta della politica regionale &#8211; ribadisce Michele Barresi responsabile del dipartimento mobilit\u00e0 della Uiltrasporti &#8211; il progetto di modifica dell&#8217;offerta commerciale ferroviaria per la lunga percorrenza in Sicilia \u00e8 vivo e vegeto e ci verr\u00e0 riproposto a breve magari ad elezioni concluse gi\u00e0 il prossimo dicembre.<br \/>\nA testimoniarlo &#8211; secondo la Uiltrasporti &#8211; \u00e8 la impossibilit\u00e0 a tutt&#8217;<a class=\"matchTooltip\">oggi<\/a>\u00a0di effettuare prenotazioni presso agenzie e biglietterie sul treno Sicilia-Roma che era stato destinato alla soppressione . Quello di ritardare all&#8217;utenza la possibilit\u00e0 di effettuare prenotazioni sui treni a lunga percorrenza per la Sicilia \u00e8 una politica che Trenitalia applica sempre pi\u00f9 spesso e che inevitabilmente provoca disagi e allontana la clientela dall&#8217;uso del treno abbassando le medie statistiche di frequentazione . Vigileremo su quanto sta accadendo &#8211; dichiara la Uiltrasporti- perch\u00e9 non vorremmo che si innescasse , pi\u00f9 o meno volutamente , un sistema con cui si rende poco appetibile e sempre pi\u00f9 difficoltoso l&#8217;uso del treno ai siciliani facendo abbassare le medie di frequentazione dei convogli per poi giustificarne la soppressione.<br \/>\nLa Sicilia non \u00e8 un ramo secco da tagliare &#8211; denuncia la Uiltrasporti Sicilia &#8211; anzi ricordiamo che \u00e8 un bacino di oltre 5 milioni di possibili utenti e che proprio il recente contratto di servizio sulla lunga percorrenza firmato tra Ministero e Trenitalia ha il fine di garantire i servizi ferroviari fino al 2026 soprattutto nelle regioni pi\u00f9 disagiate e insulari es occorre pretenderne il rispetto&#8221;.<div id=\"div-gpt-ad-Messinaoggi.it-DSK-300x250-corpoart\" style=\"text-align:center;margin:0 auto;\"><\/div><\/p>\n<div id=\"videoincontent\" style=\"clear:both\";><\/div>","protected":false},"excerpt":{"rendered":"<p>&#8220;La smentita di Trenitalia sul taglio programmato di un treno notte Sicilia-Roma a partire dal 1\u00b0 ottobre giunta ieri in maniera ufficiale a tutte le organizzazioni sindacali, suona come una marcia indietro poco convincente. Secondo la Uiltrasporti Sicilia solo il clima pre elettorale ha spinto il gruppo Fs a fermare il progetto che tuttavia siamo [&hellip;]<\/p>\n","protected":false},"author":2,"featured_media":7749,"comment_status":"closed","ping_status":"open","sticky":false,"template":"","format":"standard","meta":{"ub_ctt_via":"","_mi_skip_tracking":false},"categories":[6],"tags":[],"featured_image_src":"https:\/\/www.messinaoggi.it\/website\/wp-content\/uploads\/2017\/09\/treni-notte-sul-traghetto-2.jpg","author_info":{"display_name":"Redazione","author_link":"https:\/\/www.messinaoggi.it\/website\/author\/redazione\/"},"digistream_id":0,"digistream":false,"_links":{"self":[{"href":"https:\/\/www.messinaoggi.it\/website\/wp-json\/wp\/v2\/posts\/7748"}],"collection":[{"href":"https:\/\/www.messinaoggi.it\/website\/wp-json\/wp\/v2\/posts"}],"about":[{"href":"https:\/\/www.messinaoggi.it\/website\/wp-json\/wp\/v2\/types\/post"}],"author":[{"embeddable":true,"href":"https:\/\/www.messinaoggi.it\/website\/wp-json\/wp\/v2\/users\/2"}],"replies":[{"embeddable":true,"href":"https:\/\/www.messinaoggi.it\/website\/wp-json\/wp\/v2\/comments?post=7748"}],"version-history":[{"count":0,"href":"https:\/\/www.messinaoggi.it\/website\/wp-json\/wp\/v2\/posts\/7748\/revisions"}],"wp:featuredmedia":[{"embeddable":true,"href":"https:\/\/www.messinaoggi.it\/website\/wp-json\/wp\/v2\/media\/7749"}],"wp:attachment":[{"href":"https:\/\/www.messinaoggi.it\/website\/wp-json\/wp\/v2\/media?parent=7748"}],"wp:term":[{"taxonomy":"category","embeddable":true,"href":"https:\/\/www.messinaoggi.it\/website\/wp-json\/wp\/v2\/categories?post=7748"},{"taxonomy":"post_tag","embeddable":true,"href":"https:\/\/www.messinaoggi.it\/website\/wp-json\/wp\/v2\/tags?post=7748"}],"curies":[{"name":"wp","href":"https:\/\/api.w.org\/{rel}","templated":true}]}}