{"id":774,"date":"2017-05-28T21:00:19","date_gmt":"2017-05-28T19:00:19","guid":{"rendered":"http:\/\/www.messinaoggi.it\/website\/?p=774"},"modified":"2017-05-28T21:00:19","modified_gmt":"2017-05-28T19:00:19","slug":"rita-botto-incanta-il-mandanici","status":"publish","type":"post","link":"https:\/\/www.messinaoggi.it\/website\/2017\/05\/28\/rita-botto-incanta-il-mandanici\/","title":{"rendered":"Rita Botto incanta il Mandanici"},"content":{"rendered":"<p>Troppo spesso dimentichiamo, oppure mettiamo da parte, \u00a0il nostro orgoglio siciliano in favore di un pi\u00f9 alto orgoglio nazionale.<br \/>\nMa, durante il concerto di Rita Botto \u00a0e la Banda di\u00a0 Avola, \u00a0\u00a0andato in scena sabato\u00a0 scorso\u00a0 nell\u2019incantevole cornice del Teatro Placido Mandanici di Barcellona Pozzo di Gotto, tutto ci\u00f2 che rappresenta la nostra bellissima terra, con le sue sorprendenti e magiche sfaccettature, nonch\u00e9 la nostra identit\u00e0 siciliana, sono\u00a0 venute \u00a0prepotentemente fuori.<br \/>\nHa avuto, dunque, esito favorevole \u00a0un evento che, se vogliamo, rappresentava la scommessa nascosta all\u2019interno \u00a0dell\u2019intera rassegna teatrale, ideata dal direttore artistico Sergio Maifredi.<br \/>\n<img loading=\"lazy\" src=\"http:\/\/www.messinaoggi.eu\/uploads\/Maria%20Antonella%20Saia\/Spettacoli\/Rita%20Botto%202.JPG\" alt=\"\" width=\"700\" height=\"467\" \/>Nonostante l\u2019esiguo numero di partecipanti, dovuto al sovrapporsi di eventi culturali avuti luogo nella stesa sera, l\u2019artista, accompagnata dai bravissimi musicisti della \u00a0Banda di Avola, \u00a0diretta dal Maestro Sebastiano Bell\u2019Arte,\u00a0 ha\u00a0 travolto gli spettatori \u00a0con \u00a0un entusiasmo e un ritmo difficile da contenere, proponendo un repertorio\u00a0 di \u00a0canzoni\u00a0 che furono interpretate dalla grande Rosa Balistreri.<br \/>\nCanzoni, queste,\u00a0 della grande tradizione canora siciliana, ma scevre\u00a0 dal clich\u00e8 folkloristico siciliano, \u00a0che hanno acceso nel pubblico\u00a0 un forte spirito di appartenenza, tale da ingrandirsi sempre di pi\u00f9 ad ogni brano.<br \/>\nAncora un successo, dunque,\u00a0 per il \u00a0direttore artistico del teatro barcellonese, dettato stavolta, non dall\u2019ennesimo sold out \u00a0ma, dalla partecipazione della gente,\u00a0 che per la prima volta, \u00a0\u00a0dopo moltissimo tempo, sentiva di essere stata coinvolta in qualcosa che veramente denotava la loro identit\u00e0; uno spettacolo \u00a0lontano dagli stereotipi visti e rivisti nei film di repertorio, che raccontava\u00a0 la loro storia, le tradizioni\u00a0 e il loro coraggio, capace di fargli superare a testa alta le pi\u00f9\u00a0 grandi difficolt\u00e0.<br \/>\nEmozionante, infine, l\u2019omaggio che l\u2019artista Rita Botto ha voluto rendere al grande Lucio Dalla, intonando il brano dal titolo\u00a0 E dire che ti amo, perla rara di ineguagliabile bellezza.<br \/>\nEntusiasmo\u00a0 e allegria sono\u00a0 dunque le parole che meglio definiscono questo grande successo, ennesimo tassello nel lungo racconto ideato da Maifredi, che, \u00a0pagina dopo pagina, sta portando il\u00a0 Teatro Mandanici agli antichi splendori di un tempo.<div id=\"div-gpt-ad-Messinaoggi.it-DSK-300x250-corpoart\" style=\"text-align:center;margin:0 auto;\"><\/div><\/p>\n<div id=\"videoincontent\" style=\"clear:both\";><\/div>","protected":false},"excerpt":{"rendered":"<p>Troppo spesso dimentichiamo, oppure mettiamo da parte, \u00a0il nostro orgoglio siciliano in favore di un pi\u00f9 alto orgoglio nazionale. Ma, durante il concerto di Rita Botto \u00a0e la Banda di\u00a0 Avola, \u00a0\u00a0andato in scena sabato\u00a0 scorso\u00a0 nell\u2019incantevole cornice del Teatro Placido Mandanici di Barcellona Pozzo di Gotto, tutto ci\u00f2 che rappresenta la nostra bellissima terra, [&hellip;]<\/p>\n","protected":false},"author":5,"featured_media":775,"comment_status":"closed","ping_status":"open","sticky":false,"template":"","format":"standard","meta":{"ub_ctt_via":"","_mi_skip_tracking":false},"categories":[17],"tags":[],"featured_image_src":"https:\/\/www.messinaoggi.it\/website\/wp-content\/uploads\/2017\/05\/Rita-Botto-e-la-banda-di-Avola-2.jpg","author_info":{"display_name":"Maria Antonella Saia","author_link":"https:\/\/www.messinaoggi.it\/website\/author\/m-saia\/"},"digistream_id":0,"digistream":false,"_links":{"self":[{"href":"https:\/\/www.messinaoggi.it\/website\/wp-json\/wp\/v2\/posts\/774"}],"collection":[{"href":"https:\/\/www.messinaoggi.it\/website\/wp-json\/wp\/v2\/posts"}],"about":[{"href":"https:\/\/www.messinaoggi.it\/website\/wp-json\/wp\/v2\/types\/post"}],"author":[{"embeddable":true,"href":"https:\/\/www.messinaoggi.it\/website\/wp-json\/wp\/v2\/users\/5"}],"replies":[{"embeddable":true,"href":"https:\/\/www.messinaoggi.it\/website\/wp-json\/wp\/v2\/comments?post=774"}],"version-history":[{"count":0,"href":"https:\/\/www.messinaoggi.it\/website\/wp-json\/wp\/v2\/posts\/774\/revisions"}],"wp:featuredmedia":[{"embeddable":true,"href":"https:\/\/www.messinaoggi.it\/website\/wp-json\/wp\/v2\/media\/775"}],"wp:attachment":[{"href":"https:\/\/www.messinaoggi.it\/website\/wp-json\/wp\/v2\/media?parent=774"}],"wp:term":[{"taxonomy":"category","embeddable":true,"href":"https:\/\/www.messinaoggi.it\/website\/wp-json\/wp\/v2\/categories?post=774"},{"taxonomy":"post_tag","embeddable":true,"href":"https:\/\/www.messinaoggi.it\/website\/wp-json\/wp\/v2\/tags?post=774"}],"curies":[{"name":"wp","href":"https:\/\/api.w.org\/{rel}","templated":true}]}}