{"id":77346,"date":"2021-08-21T12:26:11","date_gmt":"2021-08-21T10:26:11","guid":{"rendered":"http:\/\/www.messinaoggi.it\/website\/?p=77346"},"modified":"2021-08-21T12:30:10","modified_gmt":"2021-08-21T10:30:10","slug":"taormina-auteri-e-il-nuovo-presidente-di-asm","status":"publish","type":"post","link":"https:\/\/www.messinaoggi.it\/website\/2021\/08\/21\/taormina-auteri-e-il-nuovo-presidente-di-asm\/","title":{"rendered":"Taormina, Auteri \u00e8 il nuovo presidente di Asm"},"content":{"rendered":"\n<p>\u00c8 Finuccio Auteri il nuovo presidente del Cda di Asm. La nomina \u00e8 stata del sindaco, Mario Bolognari. \u00c8 finita ufficialmente l&#8217;era del commissario, Antonio Fiumefreddo. Del Cda fanno parte Stefano Loria ed Antonio Sebastiano Smiroldo. L&#8217;insediamento del nuovo Cda si svolger\u00e0 luned\u00ec alla presenza del sindaco e del segretario generale del Comun di Taormina.<div id=\"div-gpt-ad-Messinaoggi.it-DSK-300x250-corpoart\" style=\"text-align:center;margin:0 auto;\"><\/div><\/p>\n<div id=\"videoincontent\" style=\"clear:both\";><\/div>","protected":false},"excerpt":{"rendered":"<p>\u00c8 Finuccio Auteri il nuovo presidente del Cda di Asm. La nomina \u00e8 stata del sindaco, Mario Bolognari. \u00c8 finita ufficialmente l&#8217;era del commissario, Antonio Fiumefreddo. Del Cda fanno parte Stefano Loria ed Antonio Sebastiano Smiroldo. L&#8217;insediamento del nuovo Cda si svolger\u00e0 luned\u00ec alla presenza del sindaco e del segretario generale del Comun di Taormina.<\/p>\n","protected":false},"author":4,"featured_media":77347,"comment_status":"open","ping_status":"open","sticky":false,"template":"","format":"standard","meta":{"ub_ctt_via":"","_mi_skip_tracking":false},"categories":[3],"tags":[639,2831],"featured_image_src":"https:\/\/www.messinaoggi.it\/website\/wp-content\/uploads\/2021\/08\/IMG-20210821-WA0008.jpg","author_info":{"display_name":"redme","author_link":"https:\/\/www.messinaoggi.it\/website\/author\/redme\/"},"digistream_id":0,"digistream":false,"_links":{"self":[{"href":"https:\/\/www.messinaoggi.it\/website\/wp-json\/wp\/v2\/posts\/77346"}],"collection":[{"href":"https:\/\/www.messinaoggi.it\/website\/wp-json\/wp\/v2\/posts"}],"about":[{"href":"https:\/\/www.messinaoggi.it\/website\/wp-json\/wp\/v2\/types\/post"}],"author":[{"embeddable":true,"href":"https:\/\/www.messinaoggi.it\/website\/wp-json\/wp\/v2\/users\/4"}],"replies":[{"embeddable":true,"href":"https:\/\/www.messinaoggi.it\/website\/wp-json\/wp\/v2\/comments?post=77346"}],"version-history":[{"count":1,"href":"https:\/\/www.messinaoggi.it\/website\/wp-json\/wp\/v2\/posts\/77346\/revisions"}],"predecessor-version":[{"id":77348,"href":"https:\/\/www.messinaoggi.it\/website\/wp-json\/wp\/v2\/posts\/77346\/revisions\/77348"}],"wp:featuredmedia":[{"embeddable":true,"href":"https:\/\/www.messinaoggi.it\/website\/wp-json\/wp\/v2\/media\/77347"}],"wp:attachment":[{"href":"https:\/\/www.messinaoggi.it\/website\/wp-json\/wp\/v2\/media?parent=77346"}],"wp:term":[{"taxonomy":"category","embeddable":true,"href":"https:\/\/www.messinaoggi.it\/website\/wp-json\/wp\/v2\/categories?post=77346"},{"taxonomy":"post_tag","embeddable":true,"href":"https:\/\/www.messinaoggi.it\/website\/wp-json\/wp\/v2\/tags?post=77346"}],"curies":[{"name":"wp","href":"https:\/\/api.w.org\/{rel}","templated":true}]}}