{"id":7733,"date":"2017-09-14T07:30:45","date_gmt":"2017-09-14T05:30:45","guid":{"rendered":"http:\/\/www.messinaoggi.it\/website\/?p=7733"},"modified":"2017-09-14T07:30:45","modified_gmt":"2017-09-14T05:30:45","slug":"regionali-pronte-le-liste-a-sostegno-di-nello-musumeci","status":"publish","type":"post","link":"https:\/\/www.messinaoggi.it\/website\/2017\/09\/14\/regionali-pronte-le-liste-a-sostegno-di-nello-musumeci\/","title":{"rendered":"Regionali, Pronte le liste a sostegno di Nello Musumeci"},"content":{"rendered":"<p>Sono pronte le liste del centrodestra a sostegno di Nello Musumeciche sfideranno Pd e M5S in Sicilia. All&#8217;appello, per\u00f2, mancher\u00e0 quella degli &#8216;indignati&#8217; di Gaetano Armao. L&#8217;avvocato palermitano indicato da Silvio Berlusconi in un primo momento come candidato governatore, ora in corsa in tandem con l&#8217;ex presidente della Provincia di Catania, ha deciso di rinunciare a una sua lista civica per i tempi troppo stretti e gli ultimi sondaggi che davano la sua &#8216;creatura&#8217; al 2%. &#8221;Dagli ultimi sondaggi -dice all&#8217;Adnkronos Armao- un&#8217;ipotesi di lista dei &#8216;Siciliani indignati&#8217; viene data al 2%, ad appena un mese dal lancio della proposta politica. Si tratta di un ottimo risultato, ma i tempi sono strettissimi e a questo punto conviene fare sintesi politica con Fi, al fine di evitare la dispersione dei voti, visto che il sistema siciliano ha uno sbarramento al 5% e non consente il recupero regionale dei resti&#8221;. &#8221;Sicch\u00e8 -spiega- abbiamo ritenuto opportuno di non presentare la lista civica. Con il movimento &#8216;Siciliani indignati&#8217;, per\u00f2, sar\u00f2 candidato nelle tre citt\u00e0 metropolitane di Palermo, Catania e Messina, dove pi\u00f9 rilevante \u00e8 il voto d&#8217;opinione. Abbiamo poi individuato altri candidati che fanno capo al movimento&#8221;. &#8220;N<div id=\"div-gpt-ad-Messinaoggi.it-DSK-300x250-corpoart\" style=\"text-align:center;margin:0 auto;\"><\/div><\/p>\n<div id=\"videoincontent\" style=\"clear:both\";><\/div>","protected":false},"excerpt":{"rendered":"<p>Sono pronte le liste del centrodestra a sostegno di Nello Musumeciche sfideranno Pd e M5S in Sicilia. All&#8217;appello, per\u00f2, mancher\u00e0 quella degli &#8216;indignati&#8217; di Gaetano Armao. L&#8217;avvocato palermitano indicato da Silvio Berlusconi in un primo momento come candidato governatore, ora in corsa in tandem con l&#8217;ex presidente della Provincia di Catania, ha deciso di rinunciare [&hellip;]<\/p>\n","protected":false},"author":2,"featured_media":7124,"comment_status":"closed","ping_status":"open","sticky":false,"template":"","format":"standard","meta":{"ub_ctt_via":"","_mi_skip_tracking":false},"categories":[11],"tags":[],"featured_image_src":"https:\/\/www.messinaoggi.it\/website\/wp-content\/uploads\/2017\/09\/IMG-20170901-WA0014-1-2.jpg","author_info":{"display_name":"Redazione","author_link":"https:\/\/www.messinaoggi.it\/website\/author\/redazione\/"},"digistream_id":0,"digistream":false,"_links":{"self":[{"href":"https:\/\/www.messinaoggi.it\/website\/wp-json\/wp\/v2\/posts\/7733"}],"collection":[{"href":"https:\/\/www.messinaoggi.it\/website\/wp-json\/wp\/v2\/posts"}],"about":[{"href":"https:\/\/www.messinaoggi.it\/website\/wp-json\/wp\/v2\/types\/post"}],"author":[{"embeddable":true,"href":"https:\/\/www.messinaoggi.it\/website\/wp-json\/wp\/v2\/users\/2"}],"replies":[{"embeddable":true,"href":"https:\/\/www.messinaoggi.it\/website\/wp-json\/wp\/v2\/comments?post=7733"}],"version-history":[{"count":0,"href":"https:\/\/www.messinaoggi.it\/website\/wp-json\/wp\/v2\/posts\/7733\/revisions"}],"wp:featuredmedia":[{"embeddable":true,"href":"https:\/\/www.messinaoggi.it\/website\/wp-json\/wp\/v2\/media\/7124"}],"wp:attachment":[{"href":"https:\/\/www.messinaoggi.it\/website\/wp-json\/wp\/v2\/media?parent=7733"}],"wp:term":[{"taxonomy":"category","embeddable":true,"href":"https:\/\/www.messinaoggi.it\/website\/wp-json\/wp\/v2\/categories?post=7733"},{"taxonomy":"post_tag","embeddable":true,"href":"https:\/\/www.messinaoggi.it\/website\/wp-json\/wp\/v2\/tags?post=7733"}],"curies":[{"name":"wp","href":"https:\/\/api.w.org\/{rel}","templated":true}]}}