{"id":77219,"date":"2021-08-20T09:16:37","date_gmt":"2021-08-20T07:16:37","guid":{"rendered":"http:\/\/www.messinaoggi.it\/website\/?p=77219"},"modified":"2021-08-20T09:18:46","modified_gmt":"2021-08-20T07:18:46","slug":"donare-e-vita-il-paradosso-delle-liste-dattesa-si-fermi-questa-mattanza","status":"publish","type":"post","link":"https:\/\/www.messinaoggi.it\/website\/2021\/08\/20\/donare-e-vita-il-paradosso-delle-liste-dattesa-si-fermi-questa-mattanza\/","title":{"rendered":"Donare \u00e8 vita: &#8220;Il paradosso delle liste d&#8217;attesa, si fermi questa mattanza&#8221;"},"content":{"rendered":"\n<p>Non si muore solo di Covid con la sanit\u00e0 alle prese con atavici problemi, resi ancor pi\u00f9 difficoltosi per l&#8217;emergenza pandemica. Un grido d&#8217;allarme arriva dall&#8217;associazione &#8220;Donare \u00e8 vita&#8221; con una lettera a firma di Gaetano Alessandro che pubblichiamo integralmente:<div id=\"div-gpt-ad-Messinaoggi.it-DSK-300x250-corpoart\" style=\"text-align:center;margin:0 auto;\"><\/div><\/p>\n\n\n\n<p>&#8220;Gent.mo Dott. Razza, questa mia lettera \u00e8 una nuova ed ennesima denuncia di una situazione sanitaria pubblica che, soprattutto nella nostra regione era gi\u00e0 precaria ma adesso \u00e8 arrivata al paradosso, le liste di attesa.<div id=\"videoincontent\" style=\"clear:both\";><\/div><\/p>\n\n\n\n<p>Negli ultimi mesi si sono intensificate le disperate richieste di aiuto\/intervento a Lei indirizzate, da parte di tutte le associazioni, i comitati consultivi e i sindacati della nostra regione ma nessun intervento concreto \u00e8 stato messo in atto dagli organi istituzionali preposti.<\/p>\n\n\n\n<p>\u00a0Allora nuovamente io sono qui a dare voce alla disperazione e Le racconto, con il cuore colmo di rabbia e dispiacere, ci\u00f2 che spero Le porter\u00e0 vergogna nel leggere: \u201cIl signor \u201cSperanza\u201d (nome di fantasia per tutelare la privacy) paziente oncologico di 72 anni, che ormai \u00a0combatte contro un tumore che sta avendo la meglio su di lui, seguito al reparto di Oncologia del Policlinico Universitario G. Martino di Messina, sottoposto a chemioterapia accompagnata da relativi farmaci cortisonici, cos\u00ec come da protocollo, causa livelli altissimi di glicemia ha urgente bisogno di visita diabetologica di controllo, impegnativa richiede prenotazione entro 72 ore, al paziente immunodepresso e fortemente debilitato viene data come prima data utile a Messina giorno 13 aprile 2022&#8243;.<\/p>\n\n\n\n<p>Sinceramente ci siamo stancati di questo meccanismo che porta soltanto all\u2019esasperazione di chi gi\u00e0 soffre ora basta, ma Lei si da una risposta a tutto questo? Perch\u00e9 lo vorremmo capire anche noi, cos\u00ec sapremmo a chi perseguire tramite gli organi competenti.<\/p>\n\n\n\n<p>E\u2019 molto probabile che il signore \u201cSperanza\u201d il 13 aprile 2022 non sia pi\u00f9 tra noi ma io sono qui a scrivere per lui, per me e per tutti i cittadini siciliani e non, perch\u00e9 vogliamo che la finiate di calpestare i nostri diritti sanciti in primis dalla Costituzione Italiana:<\/p>\n\n\n\n<p>\u00b7 Art. 2 &#8211;  Riconosce e garantisce i diritti inviolabili per l\u2019uomo<\/p>\n\n\n\n<p>\u00b7 Art. 3 &#8211;  Riconosce a tutti i cittadini uguale dignit\u00e0 sociale<\/p>\n\n\n\n<p>\u00b7\u00a0Art. 32 &#8211; \u00a0Salute come fondamentale diritto dell\u2019uomo.<\/p>\n\n\n\n<p>Dott. Razza con la presente chiedo nuovamente e a gran voce un suo celere e concreto intervento in merito, Le chiedo di contattarmi, entro 48 ore dalla ricezione della presente, in modo che possa fornirLe tutti i dati del caso su menzionato che \u00e8 solo uno dei tantissimi, che purtroppo sono diventati prassi nella nostra Regione ma nel 2021 non si pu\u00f2 morire per impossibilit\u00e0 di accesso alle cure e Lei che oggi \u00e8 il nostro assessore regionale alla Salute non penso che voglia essere ricordato come diretto responsabile di questa mattanza&#8221;.<\/p>\n","protected":false},"excerpt":{"rendered":"<p>Non si muore solo di Covid con la sanit\u00e0 alle prese con atavici problemi, resi ancor pi\u00f9 difficoltosi per l&#8217;emergenza pandemica. Un grido d&#8217;allarme arriva dall&#8217;associazione &#8220;Donare \u00e8 vita&#8221; con una lettera a firma di Gaetano Alessandro che pubblichiamo integralmente: &#8220;Gent.mo Dott. Razza, questa mia lettera \u00e8 una nuova ed ennesima denuncia di una situazione [&hellip;]<\/p>\n","protected":false},"author":4,"featured_media":77224,"comment_status":"open","ping_status":"open","sticky":false,"template":"","format":"standard","meta":{"ub_ctt_via":"","_mi_skip_tracking":false},"categories":[6],"tags":[2825,2826],"featured_image_src":"https:\/\/www.messinaoggi.it\/website\/wp-content\/uploads\/2021\/08\/IMG-20210820-WA0003.jpg","author_info":{"display_name":"redme","author_link":"https:\/\/www.messinaoggi.it\/website\/author\/redme\/"},"digistream_id":0,"digistream":false,"_links":{"self":[{"href":"https:\/\/www.messinaoggi.it\/website\/wp-json\/wp\/v2\/posts\/77219"}],"collection":[{"href":"https:\/\/www.messinaoggi.it\/website\/wp-json\/wp\/v2\/posts"}],"about":[{"href":"https:\/\/www.messinaoggi.it\/website\/wp-json\/wp\/v2\/types\/post"}],"author":[{"embeddable":true,"href":"https:\/\/www.messinaoggi.it\/website\/wp-json\/wp\/v2\/users\/4"}],"replies":[{"embeddable":true,"href":"https:\/\/www.messinaoggi.it\/website\/wp-json\/wp\/v2\/comments?post=77219"}],"version-history":[{"count":1,"href":"https:\/\/www.messinaoggi.it\/website\/wp-json\/wp\/v2\/posts\/77219\/revisions"}],"predecessor-version":[{"id":77225,"href":"https:\/\/www.messinaoggi.it\/website\/wp-json\/wp\/v2\/posts\/77219\/revisions\/77225"}],"wp:featuredmedia":[{"embeddable":true,"href":"https:\/\/www.messinaoggi.it\/website\/wp-json\/wp\/v2\/media\/77224"}],"wp:attachment":[{"href":"https:\/\/www.messinaoggi.it\/website\/wp-json\/wp\/v2\/media?parent=77219"}],"wp:term":[{"taxonomy":"category","embeddable":true,"href":"https:\/\/www.messinaoggi.it\/website\/wp-json\/wp\/v2\/categories?post=77219"},{"taxonomy":"post_tag","embeddable":true,"href":"https:\/\/www.messinaoggi.it\/website\/wp-json\/wp\/v2\/tags?post=77219"}],"curies":[{"name":"wp","href":"https:\/\/api.w.org\/{rel}","templated":true}]}}