{"id":77080,"date":"2021-08-18T16:40:18","date_gmt":"2021-08-18T14:40:18","guid":{"rendered":"http:\/\/www.messinaoggi.it\/website\/?p=77080"},"modified":"2021-08-18T18:55:58","modified_gmt":"2021-08-18T16:55:58","slug":"zona-sud-nella-morsa-degli-incendi","status":"publish","type":"post","link":"https:\/\/www.messinaoggi.it\/website\/2021\/08\/18\/zona-sud-nella-morsa-degli-incendi\/","title":{"rendered":"Zona Sud nella morsa degli incendi"},"content":{"rendered":"\n<p>Corsa contro il tempo per frenare l&#8217;avanzata degli incendi che questa mattina sono tornati prepotenti nella zona sud, peraltro gi\u00e0 martoriata da almeno tre settimane di fuoco e fiamme.<div id=\"div-gpt-ad-Messinaoggi.it-DSK-300x250-corpoart\" style=\"text-align:center;margin:0 auto;\"><\/div><\/p>\n\n\n\n<p>Le alte temperature, l&#8217;erba secca e probabilmente la mano distruttrice dell&#8217;uomo sono causa di gravi incendi che stanno mandando in fumo ettari di macchia mediterranea. Inarrestabili i roghi sulle colline di Santa Margherita, Ponte Schiavo, Santo Stefano ed a San Placido Caloner\u00f2, dov&#8217;\u00e8 stato necessario l&#8217;intervento di un elicottero della Forestale per raggiungere le zone pi\u00f9 impervie. <div id=\"videoincontent\" style=\"clear:both\";><\/div><\/p>\n\n\n\n<p>Neanche il tempo di spegnere un incendio e ne divampa un altro con vigili del fuoco, forestali e volontari alle prese con un&#8217;emergenza che non conosce fine. Fiamme anche a Galati Sant&#8217;Anna, Galati Santa Lucia, Giampilieri Superiore, Bisconte e Campo Italia. Incendi sono segnalati anche in provincia.<\/p>\n","protected":false},"excerpt":{"rendered":"<p>Corsa contro il tempo per frenare l&#8217;avanzata degli incendi che questa mattina sono tornati prepotenti nella zona sud, peraltro gi\u00e0 martoriata da almeno tre settimane di fuoco e fiamme. Le alte temperature, l&#8217;erba secca e probabilmente la mano distruttrice dell&#8217;uomo sono causa di gravi incendi che stanno mandando in fumo ettari di macchia mediterranea. Inarrestabili [&hellip;]<\/p>\n","protected":false},"author":4,"featured_media":77086,"comment_status":"open","ping_status":"open","sticky":false,"template":"","format":"standard","meta":{"ub_ctt_via":"","_mi_skip_tracking":false},"categories":[6],"tags":[2820,2134,874],"featured_image_src":"https:\/\/www.messinaoggi.it\/website\/wp-content\/uploads\/2021\/08\/IMG-20210817-WA0029.jpg","author_info":{"display_name":"redme","author_link":"https:\/\/www.messinaoggi.it\/website\/author\/redme\/"},"digistream_id":0,"digistream":false,"_links":{"self":[{"href":"https:\/\/www.messinaoggi.it\/website\/wp-json\/wp\/v2\/posts\/77080"}],"collection":[{"href":"https:\/\/www.messinaoggi.it\/website\/wp-json\/wp\/v2\/posts"}],"about":[{"href":"https:\/\/www.messinaoggi.it\/website\/wp-json\/wp\/v2\/types\/post"}],"author":[{"embeddable":true,"href":"https:\/\/www.messinaoggi.it\/website\/wp-json\/wp\/v2\/users\/4"}],"replies":[{"embeddable":true,"href":"https:\/\/www.messinaoggi.it\/website\/wp-json\/wp\/v2\/comments?post=77080"}],"version-history":[{"count":3,"href":"https:\/\/www.messinaoggi.it\/website\/wp-json\/wp\/v2\/posts\/77080\/revisions"}],"predecessor-version":[{"id":77112,"href":"https:\/\/www.messinaoggi.it\/website\/wp-json\/wp\/v2\/posts\/77080\/revisions\/77112"}],"wp:featuredmedia":[{"embeddable":true,"href":"https:\/\/www.messinaoggi.it\/website\/wp-json\/wp\/v2\/media\/77086"}],"wp:attachment":[{"href":"https:\/\/www.messinaoggi.it\/website\/wp-json\/wp\/v2\/media?parent=77080"}],"wp:term":[{"taxonomy":"category","embeddable":true,"href":"https:\/\/www.messinaoggi.it\/website\/wp-json\/wp\/v2\/categories?post=77080"},{"taxonomy":"post_tag","embeddable":true,"href":"https:\/\/www.messinaoggi.it\/website\/wp-json\/wp\/v2\/tags?post=77080"}],"curies":[{"name":"wp","href":"https:\/\/api.w.org\/{rel}","templated":true}]}}