{"id":7663,"date":"2017-09-13T09:51:54","date_gmt":"2017-09-13T07:51:54","guid":{"rendered":"http:\/\/www.messinaoggi.it\/website\/?p=7663"},"modified":"2017-09-13T09:51:54","modified_gmt":"2017-09-13T07:51:54","slug":"via-nicola-fabrizi-lalbero-invade-il-marciapiede","status":"publish","type":"post","link":"https:\/\/www.messinaoggi.it\/website\/2017\/09\/13\/via-nicola-fabrizi-lalbero-invade-il-marciapiede\/","title":{"rendered":"Via Nicola Fabrizi, l&#039;albero invade il marciapiede"},"content":{"rendered":"<p>Impossibile utilizzare il marciapiede, l&#8217;albero invade la zona dedicata al transito pedonale. Siamo in via Nicola Fabrizi, in pieno centro, laddove evidentemente a nessuno interessa se i cittadini non possono utilizzare il marciapiede. La vegetazione \u00e8 nata spontaneamente ai lati del tronco dell&#8217;albero tagliato pi\u00f9 di un anno fa perch\u00e9 ritenuto pericoloso per la pubblica incolumit\u00e0.<br \/>\nAdesso, come dimostra la fotografia inviata da un nostro lettore, la natura si sta riprendendo ci\u00f2 che gli \u00e8 stato tolto e lo sta facendo in maniera prepotente. Un piccolo intervento da parte delle maestranze comunali consentirebbe ai cittadini di poter utilizzare liberamente la zona preposta al transito pedonale.<div id=\"div-gpt-ad-Messinaoggi.it-DSK-300x250-corpoart\" style=\"text-align:center;margin:0 auto;\"><\/div><\/p>\n<div id=\"videoincontent\" style=\"clear:both\";><\/div>","protected":false},"excerpt":{"rendered":"<p>Impossibile utilizzare il marciapiede, l&#8217;albero invade la zona dedicata al transito pedonale. Siamo in via Nicola Fabrizi, in pieno centro, laddove evidentemente a nessuno interessa se i cittadini non possono utilizzare il marciapiede. La vegetazione \u00e8 nata spontaneamente ai lati del tronco dell&#8217;albero tagliato pi\u00f9 di un anno fa perch\u00e9 ritenuto pericoloso per la pubblica [&hellip;]<\/p>\n","protected":false},"author":2,"featured_media":7664,"comment_status":"closed","ping_status":"open","sticky":false,"template":"","format":"standard","meta":{"ub_ctt_via":"","_mi_skip_tracking":false},"categories":[5],"tags":[],"featured_image_src":"https:\/\/www.messinaoggi.it\/website\/wp-content\/uploads\/2017\/09\/Via-Nicola-Fabrizi-2.jpg","author_info":{"display_name":"Redazione","author_link":"https:\/\/www.messinaoggi.it\/website\/author\/redazione\/"},"digistream_id":0,"digistream":false,"_links":{"self":[{"href":"https:\/\/www.messinaoggi.it\/website\/wp-json\/wp\/v2\/posts\/7663"}],"collection":[{"href":"https:\/\/www.messinaoggi.it\/website\/wp-json\/wp\/v2\/posts"}],"about":[{"href":"https:\/\/www.messinaoggi.it\/website\/wp-json\/wp\/v2\/types\/post"}],"author":[{"embeddable":true,"href":"https:\/\/www.messinaoggi.it\/website\/wp-json\/wp\/v2\/users\/2"}],"replies":[{"embeddable":true,"href":"https:\/\/www.messinaoggi.it\/website\/wp-json\/wp\/v2\/comments?post=7663"}],"version-history":[{"count":0,"href":"https:\/\/www.messinaoggi.it\/website\/wp-json\/wp\/v2\/posts\/7663\/revisions"}],"wp:featuredmedia":[{"embeddable":true,"href":"https:\/\/www.messinaoggi.it\/website\/wp-json\/wp\/v2\/media\/7664"}],"wp:attachment":[{"href":"https:\/\/www.messinaoggi.it\/website\/wp-json\/wp\/v2\/media?parent=7663"}],"wp:term":[{"taxonomy":"category","embeddable":true,"href":"https:\/\/www.messinaoggi.it\/website\/wp-json\/wp\/v2\/categories?post=7663"},{"taxonomy":"post_tag","embeddable":true,"href":"https:\/\/www.messinaoggi.it\/website\/wp-json\/wp\/v2\/tags?post=7663"}],"curies":[{"name":"wp","href":"https:\/\/api.w.org\/{rel}","templated":true}]}}