{"id":76594,"date":"2021-08-13T07:09:13","date_gmt":"2021-08-13T05:09:13","guid":{"rendered":"http:\/\/www.messinaoggi.it\/website\/?p=76594"},"modified":"2021-08-13T00:12:20","modified_gmt":"2021-08-12T22:12:20","slug":"barriere-architettoniche-imprenditore-infortunato-assistito-da-un-funzionario-della-camera-di-commercio-a-lui-la-mia-gratitudine","status":"publish","type":"post","link":"https:\/\/www.messinaoggi.it\/website\/2021\/08\/13\/barriere-architettoniche-imprenditore-infortunato-assistito-da-un-funzionario-della-camera-di-commercio-a-lui-la-mia-gratitudine\/","title":{"rendered":"Barriere architettoniche, imprenditore infortunato assistito da un funzionario della Camera di Commercio: \u201cA lui la mia gratitudine&#8221;"},"content":{"rendered":"\n<p>Riportiamo qui di seguito una lettera di un imprenditore e utente della Camera di Commercio, nella quale esprime la sua gratitudine nei confronti di un funzionario. Data la difficolt\u00e0 di recarsi nel palazzo camerale per la presenza delle barriere architettoniche, l\u2019imprenditore, al momento infortunato, \u00e8 stato infatti prontamente assistito da un funzionario. Il funzionario, in particolare, ha favorito l\u2019imprenditore raggiungendolo in un bar nelle vicinanze della Camera di Commercio, presso il quale ha erogato il servizio richiesto.<div id=\"div-gpt-ad-Messinaoggi.it-DSK-300x250-corpoart\" style=\"text-align:center;margin:0 auto;\"><\/div><\/p>\n\n\n\n<p><em>\u201cScrivo questa lettera come imprenditore e utente dell\u2019Ufficio Punto Impresa Digitale (PID) della Camera di Commercio di Messina per la situazione che si \u00e8 venuta a creare lo scorso 4 agosto.<\/em><div id=\"videoincontent\" style=\"clear:both\";><\/div><\/p>\n\n\n\n<p><em>\u201cQuella mattina, il funzionario dell\u2019ufficio PID, in considerazione delle mie difficolt\u00e0 fisiche nel raggiungere il suo ufficio posto al primo piano del palazzo della Camera di Commercio, mi ha favorito acconsentendo a raggiungermi presso il bar posto a due passi dall\u2019ufficio, davanti al quale avevo trovato posteggio.<\/em><\/p>\n\n\n\n<p><em>\u201c\u00c8 stata una sua gentilezza, per evitarmi la fatica di salire le scale, in considerazione del fatto che le barriere architettoniche del palazzo camerale impediscono, sia a me che sono infortunato che a qualsiasi portatore di handicap, un accesso agevole o indipendente. Sono rimasto sorpreso per la disponibilit\u00e0 del funzionario PID a cui va la mia gratitudine.<\/em><\/p>\n\n\n\n<p><em>\u201cA mio modesto avviso la disponibilit\u00e0 di un funzionario che va incontro alle esigenze della sua utenza, per non far pesare l\u2019insistenza delle barriere architettoniche nella sua sede di lavoro, \u00e8 infatti da lodare e premiare. In questa citt\u00e0 ciascuno si lamenta di chiunque altro, stavolta per\u00f2 c\u2019\u00e8 da elogiare questo funzionario, non solo per l\u2019entusiasmo con cui svolge il suo lavoro ma anche per la sua disponibilit\u00e0 verso l\u2019utenza.<\/em><\/p>\n\n\n\n<p><em>\u201cInfine, chi ne ha il dovere si attivi per eliminare, una volta per tutte, le barriere architettoniche presenti nel palazzo camerale\u201d.<\/em><\/p>\n\n\n\n<p><strong>Francesco Manganaro<\/strong><\/p>\n","protected":false},"excerpt":{"rendered":"<p>Riportiamo qui di seguito una lettera di un imprenditore e utente della Camera di Commercio, nella quale esprime la sua gratitudine nei confronti di un funzionario. Data la difficolt\u00e0 di recarsi nel palazzo camerale per la presenza delle barriere architettoniche, l\u2019imprenditore, al momento infortunato, \u00e8 stato infatti prontamente assistito da un funzionario. Il funzionario, in [&hellip;]<\/p>\n","protected":false},"author":8,"featured_media":450,"comment_status":"open","ping_status":"open","sticky":false,"template":"","format":"standard","meta":{"ub_ctt_via":"","_mi_skip_tracking":false},"categories":[5],"tags":[1012],"featured_image_src":"https:\/\/www.messinaoggi.it\/website\/wp-content\/uploads\/2017\/05\/camera-commercio-messina-2.jpg","author_info":{"display_name":"red..me","author_link":"https:\/\/www.messinaoggi.it\/website\/author\/redstage\/"},"digistream_id":0,"digistream":false,"_links":{"self":[{"href":"https:\/\/www.messinaoggi.it\/website\/wp-json\/wp\/v2\/posts\/76594"}],"collection":[{"href":"https:\/\/www.messinaoggi.it\/website\/wp-json\/wp\/v2\/posts"}],"about":[{"href":"https:\/\/www.messinaoggi.it\/website\/wp-json\/wp\/v2\/types\/post"}],"author":[{"embeddable":true,"href":"https:\/\/www.messinaoggi.it\/website\/wp-json\/wp\/v2\/users\/8"}],"replies":[{"embeddable":true,"href":"https:\/\/www.messinaoggi.it\/website\/wp-json\/wp\/v2\/comments?post=76594"}],"version-history":[{"count":2,"href":"https:\/\/www.messinaoggi.it\/website\/wp-json\/wp\/v2\/posts\/76594\/revisions"}],"predecessor-version":[{"id":76596,"href":"https:\/\/www.messinaoggi.it\/website\/wp-json\/wp\/v2\/posts\/76594\/revisions\/76596"}],"wp:featuredmedia":[{"embeddable":true,"href":"https:\/\/www.messinaoggi.it\/website\/wp-json\/wp\/v2\/media\/450"}],"wp:attachment":[{"href":"https:\/\/www.messinaoggi.it\/website\/wp-json\/wp\/v2\/media?parent=76594"}],"wp:term":[{"taxonomy":"category","embeddable":true,"href":"https:\/\/www.messinaoggi.it\/website\/wp-json\/wp\/v2\/categories?post=76594"},{"taxonomy":"post_tag","embeddable":true,"href":"https:\/\/www.messinaoggi.it\/website\/wp-json\/wp\/v2\/tags?post=76594"}],"curies":[{"name":"wp","href":"https:\/\/api.w.org\/{rel}","templated":true}]}}