{"id":7643,"date":"2017-09-12T18:08:39","date_gmt":"2017-09-12T16:08:39","guid":{"rendered":"http:\/\/www.messinaoggi.it\/website\/?p=7643"},"modified":"2017-09-12T18:08:39","modified_gmt":"2017-09-12T16:08:39","slug":"pio-amadeo-lascia-il-consiglio-comunale-non-avevo-piu-stimoli","status":"publish","type":"post","link":"https:\/\/www.messinaoggi.it\/website\/2017\/09\/12\/pio-amadeo-lascia-il-consiglio-comunale-non-avevo-piu-stimoli\/","title":{"rendered":"Pio Amadeo lascia il Consiglio comunale: &quot;Non avevo pi\u00f9 stimoli&quot;"},"content":{"rendered":"<p><strong>Pio Amadeo<\/strong> lascia il Consiglio comunale. Questo pomeriggio il consigliere comunale ha rassegnato le proprie dimissioni nelle mani della presidente <strong>Emilia Barrile<\/strong>.<br \/>\n&#8220;<em>Non avevo pi\u00f9 stimoli, la mia esperienza in aula finisce qui ma prosegue in mezzo alla gente. E poi con questa amministrazione comunale non aveva pi\u00f9 senso ricoprire questo ruolo. Inoltre per me la politica \u00e8 sempre stata una cosa seria e Palazzo Zanca non \u00e8 mai stato un bancomat come qualcuno ebbe a dire. Procedere per forza d&#8217;inerzia fino al termine del mandato non mi interessa<\/em>&#8220;.<br \/>\nSono state le parole a caldo di <strong>Pio Amadeo<\/strong> lascia lo scranno ad <strong>Alessandro La Cava<\/strong>, primo dei non eletti con la lista il Megafono.<div id=\"div-gpt-ad-Messinaoggi.it-DSK-300x250-corpoart\" style=\"text-align:center;margin:0 auto;\"><\/div><\/p>\n<div id=\"videoincontent\" style=\"clear:both\";><\/div>","protected":false},"excerpt":{"rendered":"<p>Pio Amadeo lascia il Consiglio comunale. Questo pomeriggio il consigliere comunale ha rassegnato le proprie dimissioni nelle mani della presidente Emilia Barrile. &#8220;Non avevo pi\u00f9 stimoli, la mia esperienza in aula finisce qui ma prosegue in mezzo alla gente. E poi con questa amministrazione comunale non aveva pi\u00f9 senso ricoprire questo ruolo. Inoltre per me [&hellip;]<\/p>\n","protected":false},"author":2,"featured_media":1622,"comment_status":"closed","ping_status":"open","sticky":false,"template":"","format":"standard","meta":{"ub_ctt_via":"","_mi_skip_tracking":false},"categories":[19],"tags":[],"featured_image_src":"https:\/\/www.messinaoggi.it\/website\/wp-content\/uploads\/2017\/06\/Amadeo-Pio-2.jpg","author_info":{"display_name":"Redazione","author_link":"https:\/\/www.messinaoggi.it\/website\/author\/redazione\/"},"digistream_id":0,"digistream":false,"_links":{"self":[{"href":"https:\/\/www.messinaoggi.it\/website\/wp-json\/wp\/v2\/posts\/7643"}],"collection":[{"href":"https:\/\/www.messinaoggi.it\/website\/wp-json\/wp\/v2\/posts"}],"about":[{"href":"https:\/\/www.messinaoggi.it\/website\/wp-json\/wp\/v2\/types\/post"}],"author":[{"embeddable":true,"href":"https:\/\/www.messinaoggi.it\/website\/wp-json\/wp\/v2\/users\/2"}],"replies":[{"embeddable":true,"href":"https:\/\/www.messinaoggi.it\/website\/wp-json\/wp\/v2\/comments?post=7643"}],"version-history":[{"count":0,"href":"https:\/\/www.messinaoggi.it\/website\/wp-json\/wp\/v2\/posts\/7643\/revisions"}],"wp:featuredmedia":[{"embeddable":true,"href":"https:\/\/www.messinaoggi.it\/website\/wp-json\/wp\/v2\/media\/1622"}],"wp:attachment":[{"href":"https:\/\/www.messinaoggi.it\/website\/wp-json\/wp\/v2\/media?parent=7643"}],"wp:term":[{"taxonomy":"category","embeddable":true,"href":"https:\/\/www.messinaoggi.it\/website\/wp-json\/wp\/v2\/categories?post=7643"},{"taxonomy":"post_tag","embeddable":true,"href":"https:\/\/www.messinaoggi.it\/website\/wp-json\/wp\/v2\/tags?post=7643"}],"curies":[{"name":"wp","href":"https:\/\/api.w.org\/{rel}","templated":true}]}}