{"id":76408,"date":"2021-08-11T08:59:19","date_gmt":"2021-08-11T06:59:19","guid":{"rendered":"http:\/\/www.messinaoggi.it\/website\/?p=76408"},"modified":"2021-08-11T09:28:12","modified_gmt":"2021-08-11T07:28:12","slug":"avviati-i-tirocini-di-inclusione-ma-per-la-meta-dei-mesi-previsti-gioveni-rispettare-il-bando","status":"publish","type":"post","link":"https:\/\/www.messinaoggi.it\/website\/2021\/08\/11\/avviati-i-tirocini-di-inclusione-ma-per-la-meta-dei-mesi-previsti-gioveni-rispettare-il-bando\/","title":{"rendered":"Avviati i tirocini di inclusione ma per la met\u00e0 dei mesi previsti, Gioveni: \u201cRispettare il bando\u201d"},"content":{"rendered":"\n<p>Avviati i tirocini di inclusione ma per la met\u00e0 dei mesi previsti. Il capogruppo di Fratelli d\u2019Italia in consiglio comunale, Libero Gioveni, chiede chiarimenti all&#8217;Amministrazione sui motivi che stanno inducendo l&#8217;assessorato ai Servizi sociali a ridurre drasticamente il periodo dei tirocini di inclusione a molti dei 179 aventi diritto, che dai 12 mesi previsti nel bando, di fatto, concludendosi il prossimo 31 dicembre, saranno limitati a 5 o 6 mesi.<div id=\"div-gpt-ad-Messinaoggi.it-DSK-300x250-corpoart\" style=\"text-align:center;margin:0 auto;\"><\/div><\/p>\n\n\n\n<p>\u201cIn sostanza &#8211; spiega Gioveni &#8211; nel lontano mese di giugno 2019 centinaia di giovani cittadini messinesi avevano presentato istanza di partecipazione al l&#8217;avviso pubblico relativo allo svolgimento di 179 tirocini di inclusione sociale finanziato con 1 milione e 79 mila euro dei fondi Pon Inclusione.<div id=\"videoincontent\" style=\"clear:both\";><\/div><\/p>\n\n\n\n<p>\u201cSi trattava di dare la possibilit\u00e0 di inserimento a questi ragazzi in un percorso sociale che avrebbe permesso loro di usufruire per 12 mesi, percependo un reddito di 600 euro mensili per 20 ore settimanali, di un tirocinio formativo in aziende pubbliche, private o del terzo settore (raggruppate in una long list), alla fine del quale le stesse aziende avrebbero anche potuto valutare di stabilizzarli.<\/p>\n\n\n\n<p>\u201cLa relativa graduatoria &#8211; prosegue il consigliere &#8211; era stata pubblicata nel febbraio 2020 (quindi esattamente 1 anno e mezzo fa!), con l\u2019obiettivo di avviare, al massimo entro i tre mesi successivi, i tirocini per questi ragazzi che avevano gi\u00e0 firmato il cd \u201cpatto di servizio\u201d, fatto questo non avvenuto subito per l\u2019avvento del primo lockdown e delle consequenziali restrizioni anti-Covid.<\/p>\n\n\n\n<p>\u201c\u00c8 ovvio che il lungo periodo pandemico ha rallentato tutte le procedure posticipando nel tempo l&#8217;effettivo avvio &#8211; evidenzia l&#8217;esponente di FdI &#8211; ma ci\u00f2 non pu\u00f2 giustificare un netto taglio del periodo formativo per questi ragazzi avendo ancora come data limite il 31 dicembre, alcuni dei quali addirittura, in ausilio all&#8217;assessorato, proprio per il desiderio di lavorare e formarsi, si sono prodigati nel richiedere la disponibilit\u00e0 delle aziende ad accoglierli.<\/p>\n\n\n\n<p>\u201cAnche per quest&#8217;ultimo importante motivo che dimostra la voglia di mettersi in gioco &#8211; conclude Gioveni &#8211; non si possono deludere le aspettative di questi giovani dimezzando il periodo di lavoro, in quanto questa importante opportunit\u00e0 sociale per la quale d\u00f2 pieno merito all&#8217;Amministrazione, potrebbe in futuro riservare loro delle consequenziali e stabili opportunit\u00e0 occupazionali\u201d.<\/p>\n","protected":false},"excerpt":{"rendered":"<p>Avviati i tirocini di inclusione ma per la met\u00e0 dei mesi previsti. Il capogruppo di Fratelli d\u2019Italia in consiglio comunale, Libero Gioveni, chiede chiarimenti all&#8217;Amministrazione sui motivi che stanno inducendo l&#8217;assessorato ai Servizi sociali a ridurre drasticamente il periodo dei tirocini di inclusione a molti dei 179 aventi diritto, che dai 12 mesi previsti nel [&hellip;]<\/p>\n","protected":false},"author":8,"featured_media":43341,"comment_status":"open","ping_status":"open","sticky":false,"template":"","format":"standard","meta":{"ub_ctt_via":"","_mi_skip_tracking":false},"categories":[4],"tags":[740,2781],"featured_image_src":"https:\/\/www.messinaoggi.it\/website\/wp-content\/uploads\/2020\/05\/libero-gioveni-in-aula-messinaoggi.jpg","author_info":{"display_name":"red..me","author_link":"https:\/\/www.messinaoggi.it\/website\/author\/redstage\/"},"digistream_id":0,"digistream":false,"_links":{"self":[{"href":"https:\/\/www.messinaoggi.it\/website\/wp-json\/wp\/v2\/posts\/76408"}],"collection":[{"href":"https:\/\/www.messinaoggi.it\/website\/wp-json\/wp\/v2\/posts"}],"about":[{"href":"https:\/\/www.messinaoggi.it\/website\/wp-json\/wp\/v2\/types\/post"}],"author":[{"embeddable":true,"href":"https:\/\/www.messinaoggi.it\/website\/wp-json\/wp\/v2\/users\/8"}],"replies":[{"embeddable":true,"href":"https:\/\/www.messinaoggi.it\/website\/wp-json\/wp\/v2\/comments?post=76408"}],"version-history":[{"count":2,"href":"https:\/\/www.messinaoggi.it\/website\/wp-json\/wp\/v2\/posts\/76408\/revisions"}],"predecessor-version":[{"id":76415,"href":"https:\/\/www.messinaoggi.it\/website\/wp-json\/wp\/v2\/posts\/76408\/revisions\/76415"}],"wp:featuredmedia":[{"embeddable":true,"href":"https:\/\/www.messinaoggi.it\/website\/wp-json\/wp\/v2\/media\/43341"}],"wp:attachment":[{"href":"https:\/\/www.messinaoggi.it\/website\/wp-json\/wp\/v2\/media?parent=76408"}],"wp:term":[{"taxonomy":"category","embeddable":true,"href":"https:\/\/www.messinaoggi.it\/website\/wp-json\/wp\/v2\/categories?post=76408"},{"taxonomy":"post_tag","embeddable":true,"href":"https:\/\/www.messinaoggi.it\/website\/wp-json\/wp\/v2\/tags?post=76408"}],"curies":[{"name":"wp","href":"https:\/\/api.w.org\/{rel}","templated":true}]}}