{"id":76377,"date":"2021-08-11T08:00:47","date_gmt":"2021-08-11T06:00:47","guid":{"rendered":"http:\/\/www.messinaoggi.it\/website\/?p=76377"},"modified":"2021-08-10T22:29:44","modified_gmt":"2021-08-10T20:29:44","slug":"ex-sanderson-articolo-uno-bonifica-non-piu-rinviabile","status":"publish","type":"post","link":"https:\/\/www.messinaoggi.it\/website\/2021\/08\/11\/ex-sanderson-articolo-uno-bonifica-non-piu-rinviabile\/","title":{"rendered":"Ex Sanderson, Articolo Uno: \u201cBonifica non pi\u00f9 rinviabile\u201d"},"content":{"rendered":"\n<p>\u201cLa vicenda delle aree della Ex Sanderson, comprese tra i villaggi di Tremestieri e Pistunina, \u00e8 emblematica del fallimento della politica nella programmazione e riqualificazione del territorio\u201d. Inizia cos\u00ec una nota a firma del segretario provinciale di Articolo Uno, Domenico Siracusano, dopo l\u2019ennesimo incendio che si \u00e8 verificato nella vasta area, grande oltre 70 mila metri quadri, che un tempo ospitava la fabbrica agrumaria Sanderson.<div id=\"div-gpt-ad-Messinaoggi.it-DSK-300x250-corpoart\" style=\"text-align:center;margin:0 auto;\"><\/div><\/p>\n\n\n\n<p>\u201cPer paradosso dovremmo ringraziare i fumi neri che da qualche giorno sovrastano l\u2019ex fabbrica agrumaria \u2013 prosegue Siracusano &#8211; per avere riacceso i riflettori su una questione che dovrebbe diventare opportunit\u00e0 di riscatto per il territorio. Quei fumi neri ci ricordano che l\u2019ex Sanderson \u00e8 diventata una bomba ecologica, che qualcuno ha inteso utilizzare anche come discarica di rifiuti speciale, oltre a tutte le coperture in eternit che andrebbero smantellate e che troppo spesso sono invece andate a fuoco.<div id=\"videoincontent\" style=\"clear:both\";><\/div><\/p>\n\n\n\n<p>\u201cSiamo di fronte ad un\u2019area da un potenziale inestimabile, inserita nell\u2019abitato ed attraversata dalla linea ferroviaria che da risorsa per lo sviluppo \u00e8 diventata un pericolo per la salute e l\u2019incolumit\u00e0 delle persone. Non \u00e8 un caso che negli ultimi anni alcune associazioni attive sul territorio &#8211; la Pro Loco Messina Sud, l\u2019Associazione Ionio e gli scout del Gruppo Agesci Messina 14 &#8211; abbiamo pi\u00f9 volte con iniziative ed appelli rilanciato l\u2019importanza di quegli spazi e lo stato di abbandono in cui versano.<\/p>\n\n\n\n<p>\u201cUrge una bonifica urgente e complessiva di terreni e strutture, per poi immaginare una nuova funzionalizzazione delle aree al passo con i tempi e con le vocazioni del territorio. Pi\u00f9 volte annunciata come imminente, la bonifica non si \u00e8 mai avviata pur esistendo presso l\u2019ESA (Ente di Sviluppo Agricolo), l\u2019ente regionale proprietario delle aree, un piano di caratterizzazione gi\u00e0 dal 2014. Nel 2020 \u00e8 stato annunciato uno stanziamento di 25 milioni per gli interventi di risanamento ambientate ma nulla si \u00e8 mosso. In questa direzione abbiamo attivato l\u2019onorevole Claudio Fava al fine di effettuare tutti gli approfondimenti in Regione per verificare se esistano e dove siano finiti gli annunciati finanziamenti per l\u2019area ex Sanderson e valutare ogni iniziativa parlamentare per far s\u00ec che gli assessorati competenti e l\u2019ESA svolgano a pieno la propria funzione.<\/p>\n\n\n\n<p>\u201c\u00c8 stucchevole, come annunciato pi\u00f9 volte dal sindaco De Luca, pensare di trasferire l\u2019area al Comune senza che la stessa sia stata bonificata. Si proceda con la bonifica, si tolgano dal campo idee strampalate come quella annunciata il 28 Novembre 2019 dall\u2019Amministrazione Comunale di utilizzare l\u2019ex Sanderson per il trattamento dei rifiuti, e si avvii un percorso ampio e partecipato, anche attraverso un concorso internazionale di idee, per la ridefinizione delle prospettive di un area che all\u2019interno del nuovo paradigma della transizione ecologica potrebbe ritrovare una nuova dimensione produttiva o comunque legata allo sviluppo del territorio e della comunit\u00e0\u201d.<\/p>\n","protected":false},"excerpt":{"rendered":"<p>\u201cLa vicenda delle aree della Ex Sanderson, comprese tra i villaggi di Tremestieri e Pistunina, \u00e8 emblematica del fallimento della politica nella programmazione e riqualificazione del territorio\u201d. Inizia cos\u00ec una nota a firma del segretario provinciale di Articolo Uno, Domenico Siracusano, dopo l\u2019ennesimo incendio che si \u00e8 verificato nella vasta area, grande oltre 70 mila [&hellip;]<\/p>\n","protected":false},"author":8,"featured_media":76276,"comment_status":"open","ping_status":"open","sticky":false,"template":"","format":"standard","meta":{"ub_ctt_via":"","_mi_skip_tracking":false},"categories":[4],"tags":[2772,2771],"featured_image_src":"https:\/\/www.messinaoggi.it\/website\/wp-content\/uploads\/2021\/08\/incendio-ex-sanderson.jpg","author_info":{"display_name":"red..me","author_link":"https:\/\/www.messinaoggi.it\/website\/author\/redstage\/"},"digistream_id":0,"digistream":false,"_links":{"self":[{"href":"https:\/\/www.messinaoggi.it\/website\/wp-json\/wp\/v2\/posts\/76377"}],"collection":[{"href":"https:\/\/www.messinaoggi.it\/website\/wp-json\/wp\/v2\/posts"}],"about":[{"href":"https:\/\/www.messinaoggi.it\/website\/wp-json\/wp\/v2\/types\/post"}],"author":[{"embeddable":true,"href":"https:\/\/www.messinaoggi.it\/website\/wp-json\/wp\/v2\/users\/8"}],"replies":[{"embeddable":true,"href":"https:\/\/www.messinaoggi.it\/website\/wp-json\/wp\/v2\/comments?post=76377"}],"version-history":[{"count":1,"href":"https:\/\/www.messinaoggi.it\/website\/wp-json\/wp\/v2\/posts\/76377\/revisions"}],"predecessor-version":[{"id":76378,"href":"https:\/\/www.messinaoggi.it\/website\/wp-json\/wp\/v2\/posts\/76377\/revisions\/76378"}],"wp:featuredmedia":[{"embeddable":true,"href":"https:\/\/www.messinaoggi.it\/website\/wp-json\/wp\/v2\/media\/76276"}],"wp:attachment":[{"href":"https:\/\/www.messinaoggi.it\/website\/wp-json\/wp\/v2\/media?parent=76377"}],"wp:term":[{"taxonomy":"category","embeddable":true,"href":"https:\/\/www.messinaoggi.it\/website\/wp-json\/wp\/v2\/categories?post=76377"},{"taxonomy":"post_tag","embeddable":true,"href":"https:\/\/www.messinaoggi.it\/website\/wp-json\/wp\/v2\/tags?post=76377"}],"curies":[{"name":"wp","href":"https:\/\/api.w.org\/{rel}","templated":true}]}}