{"id":7617,"date":"2017-09-12T09:34:21","date_gmt":"2017-09-12T07:34:21","guid":{"rendered":"http:\/\/www.messinaoggi.it\/website\/?p=7617"},"modified":"2017-09-12T09:34:21","modified_gmt":"2017-09-12T07:34:21","slug":"elezioni-sicilia-vera-con-ludc-cateno-de-luca-valorizziamo-identita-locali","status":"publish","type":"post","link":"https:\/\/www.messinaoggi.it\/website\/2017\/09\/12\/elezioni-sicilia-vera-con-ludc-cateno-de-luca-valorizziamo-identita-locali\/","title":{"rendered":"Elezioni, Sicilia vera con l&#039;Udc. Cateno De Luca: &quot;Valorizziamo identit\u00e0 locali&quot;"},"content":{"rendered":"<p>Il leader di Sicilia Vera, Cateno De Luca, ufficializzer\u00e0 per le prossime elezioni regionali la candidature degli uomini e delle donne di Sicilia Vera nell&#8217;Udc, sabato 16 settembre all&#8217;hotel &#8220;San Paolo&#8221; di Palermo alla presenza di Lorenzo Cesa, segretario nazionale dell\u2019Udc, di Antonio De Poli, Presidente nazionale del partito.<br \/>\nL&#8217;incontro sancisce anche l&#8217;impegno comune tra il movimento Sicilia Vera di De Luca e il partito dello scudo crociato di procedere alla confluenza definitiva di Sicilia Vera nell\u2019Udc anche in vista delle prossime elezioni politiche del 2018.<br \/>\n&#8220;Abbiamo deciso di intraprendere questo avvincente percorso con l\u2019Udc per esaltare ulteriormente i valori etici che hanno sempre orientato Sicilia Vera nelle strategie di governo delle municipalit\u00e0 facendo tornare alcuni di noi alle origini del nostro impegno in politica sempre ispirato ai valori cristiani dal quale non ci siamo mai discostati\u201d. A dirlo Cateno De Luca, leader di Sicilia vera. L&#8217;incontro, oltre a sancire l\u2019 impegno tra Sicilia vera e l&#8217;Udc per la formazione delle liste per le elezioni regionali,\u00a0 rappresenter\u00e0 un\u2019occasione di confronto sulle tematiche del lavoro, imprenditoria ed autonomie locali da inserire nel programma di governo di Nello Musumeci di cui l\u2019Udc e Sicilia Vera saranno parte integrante.<br \/>\n&#8220;La nostra scelta di aderire al progetto politico dell&#8217;Udc, &#8211; prosegue De Luca \u2013 ci permette di valorizzare le identit\u00e0 locali ed i corpi intermedi di sturziana memoria ed i capisaldi sicilianisti ed autonomisti di Sicilia vera che in questi anni sono stati strumentalizzati da pseudo proposte politiche rivelatesi una delle tante maschere di matrice pirandelliana. Stiamo aderendo oggi ad un partito con che ha la grande ambizione di rappresentare la politica del fare e della sobriet\u00e0 di governo dando una spallata al \u00a0sistema politico siciliano sempre pi\u00f9 leaderistico e populista che ha portato la Sicilia nell\u2019attuale disastro economico e sociale tipico dell\u2019incapacit\u00e0 e dell\u2019ipocrisia dei governi di sinistra.<br \/>\nAnche gli uomini e le donne di Sicilia vera dovranno lavorare per abbattere l\u2019attuale muro della rassegnazione e del fancazzismo eretto da quel sistema politico che ha rubato ai siciliani anche la possibilit\u00e0 di sognare\u201d.<br \/>\nLa convention sar\u00e0 aperta dai saluti di benvenuto dell\u2019on.Vincenzo Figuccia commissario UDC Palermo, e di Ivan Trapani, portavoce Sicilia Vera Palermo ed interverranno anche il segretario generale del sindacato lavoratori Sifus \u2013 ConfALI, Maurizio Grosso, il pi\u00f9 giovane sindaco della Sicilia di Sicilia Vera, il trentenne Danilo Lo Giudice sindaco di Santa Teresa di Riva, e Giuseppe Lombardo presidente di Sicilia Vera.<br \/>\nSulla coalizione nella quale l&#8217;Udc e Sicilia vera sono parte integrante De Luca ha commentato: &#8220;Si tratta di una grande unione frutto di esperienze politiche che assieme hanno sempre vinto le pi\u00f9 difficili competizioni elettorali. E&#8217; una proposta che vede al centro dell\u2019azione di governo i grandi progetti infrastrutturali, di inclusione sociale e di sviluppo turistico e economico per far rifiorire la Sicilia devastata dal malgoverno di Rosario Crocetta.<br \/>\nL&#8217;unit\u00e0 di questa grande idea politica sar\u00e0 garantita da un governatore come Nello Musumeci che riuscir\u00e0 a costruire, grazie alla sua esperienza, un Centrodestra efficiente, coerente con i suoi ideali ed aperto alle sfide del terzo millennio. Musumeci da buon ex amministratore riuscir\u00e0 a coniugare un&#8217;attenta e oculata gestione finanziaria, rimettendo a posto i conti della Sicilia; con l&#8217;ideazione di prospettive di\u00a0 crescita economica attraverso progetti innovativi e con una forte propensione alla modernizzazione. Questa idea di Sicilia riuscir\u00e0 a rilanciare tutto il Meridione e quindi ad essere motivo di crescita per tutta l&#8217;Italia. Sar\u00e0 anche laboratorio politico per un Centrodestra unito che si dovr\u00e0 a breve\u00a0 misurare con la sfida delle politiche.<br \/>\nL&#8217;Udc sar\u00e0 il partito protagonista del cambiamento perch\u00e9 ha una classe dirigente preparata, volenterosa, aperta alla societ\u00e0 civile,\u00a0 e determinata\u00a0 nel portare avanti una sfida resiliente al concetto di politica fondato su interessi lontani da quelli della comunit\u00e0&#8221;.<div id=\"div-gpt-ad-Messinaoggi.it-DSK-300x250-corpoart\" style=\"text-align:center;margin:0 auto;\"><\/div><\/p>\n<div id=\"videoincontent\" style=\"clear:both\";><\/div>","protected":false},"excerpt":{"rendered":"<p>Il leader di Sicilia Vera, Cateno De Luca, ufficializzer\u00e0 per le prossime elezioni regionali la candidature degli uomini e delle donne di Sicilia Vera nell&#8217;Udc, sabato 16 settembre all&#8217;hotel &#8220;San Paolo&#8221; di Palermo alla presenza di Lorenzo Cesa, segretario nazionale dell\u2019Udc, di Antonio De Poli, Presidente nazionale del partito. L&#8217;incontro sancisce anche l&#8217;impegno comune tra [&hellip;]<\/p>\n","protected":false},"author":2,"featured_media":2191,"comment_status":"closed","ping_status":"open","sticky":false,"template":"","format":"standard","meta":{"ub_ctt_via":"","_mi_skip_tracking":false},"categories":[6],"tags":[],"featured_image_src":"https:\/\/www.messinaoggi.it\/website\/wp-content\/uploads\/2017\/06\/de-luca-cateno-2.jpg","author_info":{"display_name":"Redazione","author_link":"https:\/\/www.messinaoggi.it\/website\/author\/redazione\/"},"digistream_id":0,"digistream":false,"_links":{"self":[{"href":"https:\/\/www.messinaoggi.it\/website\/wp-json\/wp\/v2\/posts\/7617"}],"collection":[{"href":"https:\/\/www.messinaoggi.it\/website\/wp-json\/wp\/v2\/posts"}],"about":[{"href":"https:\/\/www.messinaoggi.it\/website\/wp-json\/wp\/v2\/types\/post"}],"author":[{"embeddable":true,"href":"https:\/\/www.messinaoggi.it\/website\/wp-json\/wp\/v2\/users\/2"}],"replies":[{"embeddable":true,"href":"https:\/\/www.messinaoggi.it\/website\/wp-json\/wp\/v2\/comments?post=7617"}],"version-history":[{"count":0,"href":"https:\/\/www.messinaoggi.it\/website\/wp-json\/wp\/v2\/posts\/7617\/revisions"}],"wp:featuredmedia":[{"embeddable":true,"href":"https:\/\/www.messinaoggi.it\/website\/wp-json\/wp\/v2\/media\/2191"}],"wp:attachment":[{"href":"https:\/\/www.messinaoggi.it\/website\/wp-json\/wp\/v2\/media?parent=7617"}],"wp:term":[{"taxonomy":"category","embeddable":true,"href":"https:\/\/www.messinaoggi.it\/website\/wp-json\/wp\/v2\/categories?post=7617"},{"taxonomy":"post_tag","embeddable":true,"href":"https:\/\/www.messinaoggi.it\/website\/wp-json\/wp\/v2\/tags?post=7617"}],"curies":[{"name":"wp","href":"https:\/\/api.w.org\/{rel}","templated":true}]}}