{"id":7608,"date":"2017-09-12T00:02:31","date_gmt":"2017-09-11T22:02:31","guid":{"rendered":"http:\/\/www.messinaoggi.it\/website\/?p=7608"},"modified":"2017-09-12T00:02:31","modified_gmt":"2017-09-11T22:02:31","slug":"regionali-germana-come-color-che-son-sospesi","status":"publish","type":"post","link":"https:\/\/www.messinaoggi.it\/website\/2017\/09\/12\/regionali-germana-come-color-che-son-sospesi\/","title":{"rendered":"Regionali: German\u00e0 come &quot;color che son sospesi&quot;"},"content":{"rendered":"<p>L\u2019on. Nino German\u00e0 ancora non \u00e8 certo del suo ingresso in Forza Italia. Di sicuro si candida per riavere il seggio all\u2019Ars, ma non \u00e8 certo con quale partito. Le possibilit\u00e0 d\u2019ingresso in Forza Italia sono comunque aumentate, stando ai rumors delle ultime ore.<br \/>\nDa inizio settimana anche la citt\u00e0 di Messina \u00e8 stata tappezzata da manifesti privi di simbolo di partito e senza l\u2019appoggio al candidato presidente. Manifesti \u201cneutrali\u201d che serviranno certamente a pubblicizzare il \u201csimpaticone\u201d di casa German\u00e0 che ha deciso di abbandonare le truppe di Alfano per approdare verso altri lidi.<br \/>\nPer German\u00e0, semmai di celebrer\u00e0 il suo ingresso in Forza Italia, riabbraccer\u00e0 nuovamente il suo ex partito con il quale \u00e8 stato eletto cinque anni addietro prima di formalizzare il suo approdo al Nuovo centrodestra di Angelino Alfano. Intanto, molti dei suoi fedelissimi stanno lasciando Ap perch\u00e9 entrati in rotta di collisione con un partito che ha sposato il progetto del centro-sinistra.<br \/>\nSe Daniela Faranda ha gi\u00e0 formalizzato il suo abbandono, c\u2019\u00e8 la grande incognita dell\u2019assessore regionale ai Beni Culturali, Carlo Vermiglio, il quale sarebbe pronto a rassegnare le proprie dimissioni. L\u2019ingresso di German\u00e0 in Forza Italia \u00e8 ancora osteggiato in maniera palese da Santi Formica, mentre gli altri come Bernadette Grasso e Tommaso Calderone in maniera silente hanno manifestato a Gianfranco Miccich\u00e8 il proprio dissenso.<br \/>\nAlla fine potrebbe spuntarla il parlamentare di Brolo, ma ci\u00f2 scatener\u00e0 un mal di pancia diffuso in quella che viene considerata a livello regionale una delle migliori liste per la qualit\u00e0 e il \u201cpeso\u201d dei candidati.<div id=\"div-gpt-ad-Messinaoggi.it-DSK-300x250-corpoart\" style=\"text-align:center;margin:0 auto;\"><\/div><\/p>\n<div id=\"videoincontent\" style=\"clear:both\";><\/div>","protected":false},"excerpt":{"rendered":"<p>L\u2019on. Nino German\u00e0 ancora non \u00e8 certo del suo ingresso in Forza Italia. Di sicuro si candida per riavere il seggio all\u2019Ars, ma non \u00e8 certo con quale partito. Le possibilit\u00e0 d\u2019ingresso in Forza Italia sono comunque aumentate, stando ai rumors delle ultime ore. Da inizio settimana anche la citt\u00e0 di Messina \u00e8 stata tappezzata [&hellip;]<\/p>\n","protected":false},"author":2,"featured_media":7609,"comment_status":"closed","ping_status":"open","sticky":false,"template":"","format":"standard","meta":{"ub_ctt_via":"","_mi_skip_tracking":false},"categories":[6],"tags":[],"featured_image_src":"https:\/\/www.messinaoggi.it\/website\/wp-content\/uploads\/2017\/09\/FullSizeRender-1-2.jpg","author_info":{"display_name":"Redazione","author_link":"https:\/\/www.messinaoggi.it\/website\/author\/redazione\/"},"digistream_id":0,"digistream":false,"_links":{"self":[{"href":"https:\/\/www.messinaoggi.it\/website\/wp-json\/wp\/v2\/posts\/7608"}],"collection":[{"href":"https:\/\/www.messinaoggi.it\/website\/wp-json\/wp\/v2\/posts"}],"about":[{"href":"https:\/\/www.messinaoggi.it\/website\/wp-json\/wp\/v2\/types\/post"}],"author":[{"embeddable":true,"href":"https:\/\/www.messinaoggi.it\/website\/wp-json\/wp\/v2\/users\/2"}],"replies":[{"embeddable":true,"href":"https:\/\/www.messinaoggi.it\/website\/wp-json\/wp\/v2\/comments?post=7608"}],"version-history":[{"count":0,"href":"https:\/\/www.messinaoggi.it\/website\/wp-json\/wp\/v2\/posts\/7608\/revisions"}],"wp:featuredmedia":[{"embeddable":true,"href":"https:\/\/www.messinaoggi.it\/website\/wp-json\/wp\/v2\/media\/7609"}],"wp:attachment":[{"href":"https:\/\/www.messinaoggi.it\/website\/wp-json\/wp\/v2\/media?parent=7608"}],"wp:term":[{"taxonomy":"category","embeddable":true,"href":"https:\/\/www.messinaoggi.it\/website\/wp-json\/wp\/v2\/categories?post=7608"},{"taxonomy":"post_tag","embeddable":true,"href":"https:\/\/www.messinaoggi.it\/website\/wp-json\/wp\/v2\/tags?post=7608"}],"curies":[{"name":"wp","href":"https:\/\/api.w.org\/{rel}","templated":true}]}}