{"id":75917,"date":"2021-08-06T10:13:43","date_gmt":"2021-08-06T08:13:43","guid":{"rendered":"http:\/\/www.messinaoggi.it\/website\/?p=75917"},"modified":"2021-08-06T10:13:44","modified_gmt":"2021-08-06T08:13:44","slug":"de-luca-risponde-alle-accuse-di-body-shaming-tentativo-di-distogliere-lattenzione-dalle-violazioni-del-consiglio","status":"publish","type":"post","link":"https:\/\/www.messinaoggi.it\/website\/2021\/08\/06\/de-luca-risponde-alle-accuse-di-body-shaming-tentativo-di-distogliere-lattenzione-dalle-violazioni-del-consiglio\/","title":{"rendered":"De Luca risponde alle accuse di &#8220;body shaming&#8221;: &#8220;Tentativo di distogliere l&#8217;attenzione dalle violazioni del Consiglio&#8221;"},"content":{"rendered":"\n<p>Non si \u00e8 fatta attendere la replica del sindaco De Luca all\u2019annuncio del presidente del consiglio comunale, Claudio Cardile, di averlo denunciato. Cardile, infatti, ha spiegato che il sindaco ha adottato nei suoi confronti una condotta di \u201cbody shaming\u201d, cio\u00e8 lo ha deriso per il suo aspetto fisico. Ci\u00f2 sarebbe avvenuto durante una delle dirette Facebook di De Luca sulla questione Tari, durante la quale ha dato a Cardile del \u201csignor trippa-muscoli\u201d. De Luca respinge le accuse, affermando che quello di Cardile \u00e8 un \u201cmero tentativo di distogliere l\u2019attenzione dalle gravi violazioni al regolamento del Consiglio comunale di cui si \u00e8 reso, ancora una volta, colpevole\u201d.<div id=\"div-gpt-ad-Messinaoggi.it-DSK-300x250-corpoart\" style=\"text-align:center;margin:0 auto;\"><\/div><\/p>\n\n\n\n<p>\u201cIl Presidente Cardile mi ha fatto sapere che intende denunciarmi in quanto mi sarei reso responsabile di \u201cbody shaming\u201d perch\u00e9 nella diretta di ieri mattina gli ho detto che \u201cha mostrato i lardi muscoli\u201d nella seduta di Consiglio in cui ha buttato fuori l\u2019Assessore Musolino dopo averle negato la parola ed averle impedito di potere svolgere il suo intervento. \u2013 si legge nella nota del sindaco &#8211; Non mi stupisce il tentativo di Cardile di ribaltare su di me il peso della sua consueta inadeguatezza politica, non \u00e8 la prima volta che lo fa, e respingo al mittente le sue accuse che risultano assolutamente puerili e costituiscono il mero tentativo di distogliere l\u2019attenzione dalle gravi violazioni al regolamento del Consiglio comunale di cui si \u00e8 reso, ancora una volta, colpevole.<div id=\"videoincontent\" style=\"clear:both\";><\/div><\/p>\n\n\n\n<p>\u201cTrovo francamente risibile, per non dire di peggio, che il Presidente del Consiglio comunale accusi me di avere compiuto un atto di bullismo quando lui stesso, nella seduta del 3 febbraio 2021 ha consentito che alcuni consiglieri comunali insultassero l\u2019Assessore Tringali per oltre 15 minuti, con grida, insulti (\u201cCessa\u201d) senza sentire il dovere di intervenire anzi, peggio, assistendo con una malcelata soddisfazione a quello che, a mio avviso, ha rappresentato il punto pi\u00f9 basso in cui il Consiglio comunale sia mai scaduto. Dalla storia Cardile sembra non avere appreso alcuna lezione visto come si \u00e8 comportato nella seduta di consiglio del 3 agosto, in cui ha fatto sfoggio di muscoli contro l\u2019Assessore Musolino, alla quale prima ha negato per ben due volte la parola e poi, su sollecitazione della sua compagna di partito (consigliere Antonella Russo), ha deciso di \u2018concederla\u2019 per poi censurarla dopo 30 secondi e infine \u2018buttarla\u2019 fuori dall\u2019aula disponendo che la Polizia municipale l\u2019accompagnasse fuori.<\/p>\n\n\n\n<p>\u201cMi sarei aspettato che Cardile porgesse le sue scuse all\u2019Assessore Tringali per quanto accaduto in aula il 3 febbraio 2021, che prendesse formalmente le distanze dai consiglieri che hanno insultato e aggredito verbalmente l\u2019Assessore Tringali, che facesse ammenda dei soprusi che lui stesso ha compiuto anche nella seduta del 3 agosto nei confronti dell\u2019Assessore Musolino. Invece Cardile, che evidentemente appartiene a quella categoria di persone che pensano di potere sempre guardare la pagliuzza nell\u2019occhio degli altri e non si avvedono della trave che offusca la loro vista, accusa me di bullismo! Io ho usato una espressione scherzosa e volutamente provocatoria, perch\u00e9 non mi \u00e8 piaciuto lo sfoggio muscolare di cui si \u00e8 reso autore nei confronti delle Assessore della mia Giunta.<\/p>\n\n\n\n<p>\u201cAttribuire a questa mia espressione una connotazione dileggiante costituisce il patetico argomento di chi, consapevole della sua assoluta inadeguatezza istituzionale a ricoprire il ruolo di Presidente del Consiglio, tenta di accrescere la sua credibilit\u00e0 politica ergendosi a difensore di coloro che vivono condizioni di disagio fisico o psichico. Vorrei ricordare al Presidente che io e la mia Giunta, da quando ci siamo insediati, abbiamo assunto molteplici iniziative nelle politiche sociali, di assistenza e sostegno psicologico e materiale. Mentre lui, fino ad oggi, verr\u00e0 ricordato come il Presidente che non ha saputo fare altro che buttare fuori dall\u2019aula due Donne nonch\u00e9 Assessori che avevano la sola \u2018colpa\u2019 di non essere rimaste in silenzio e di avere voluto rivendicare il diritto a manifestare il loro pensiero\u201d.<\/p>\n","protected":false},"excerpt":{"rendered":"<p>Non si \u00e8 fatta attendere la replica del sindaco De Luca all\u2019annuncio del presidente del consiglio comunale, Claudio Cardile, di averlo denunciato. Cardile, infatti, ha spiegato che il sindaco ha adottato nei suoi confronti una condotta di \u201cbody shaming\u201d, cio\u00e8 lo ha deriso per il suo aspetto fisico. Ci\u00f2 sarebbe avvenuto durante una delle dirette [&hellip;]<\/p>\n","protected":false},"author":8,"featured_media":25772,"comment_status":"open","ping_status":"open","sticky":false,"template":"","format":"standard","meta":{"ub_ctt_via":"","_mi_skip_tracking":false},"categories":[6],"tags":[126,2418],"featured_image_src":"https:\/\/www.messinaoggi.it\/website\/wp-content\/uploads\/2018\/10\/E7653587-73AC-4585-A012-86DACA2F96DA.jpeg","author_info":{"display_name":"red..me","author_link":"https:\/\/www.messinaoggi.it\/website\/author\/redstage\/"},"digistream_id":0,"digistream":false,"_links":{"self":[{"href":"https:\/\/www.messinaoggi.it\/website\/wp-json\/wp\/v2\/posts\/75917"}],"collection":[{"href":"https:\/\/www.messinaoggi.it\/website\/wp-json\/wp\/v2\/posts"}],"about":[{"href":"https:\/\/www.messinaoggi.it\/website\/wp-json\/wp\/v2\/types\/post"}],"author":[{"embeddable":true,"href":"https:\/\/www.messinaoggi.it\/website\/wp-json\/wp\/v2\/users\/8"}],"replies":[{"embeddable":true,"href":"https:\/\/www.messinaoggi.it\/website\/wp-json\/wp\/v2\/comments?post=75917"}],"version-history":[{"count":1,"href":"https:\/\/www.messinaoggi.it\/website\/wp-json\/wp\/v2\/posts\/75917\/revisions"}],"predecessor-version":[{"id":75920,"href":"https:\/\/www.messinaoggi.it\/website\/wp-json\/wp\/v2\/posts\/75917\/revisions\/75920"}],"wp:featuredmedia":[{"embeddable":true,"href":"https:\/\/www.messinaoggi.it\/website\/wp-json\/wp\/v2\/media\/25772"}],"wp:attachment":[{"href":"https:\/\/www.messinaoggi.it\/website\/wp-json\/wp\/v2\/media?parent=75917"}],"wp:term":[{"taxonomy":"category","embeddable":true,"href":"https:\/\/www.messinaoggi.it\/website\/wp-json\/wp\/v2\/categories?post=75917"},{"taxonomy":"post_tag","embeddable":true,"href":"https:\/\/www.messinaoggi.it\/website\/wp-json\/wp\/v2\/tags?post=75917"}],"curies":[{"name":"wp","href":"https:\/\/api.w.org\/{rel}","templated":true}]}}