{"id":75610,"date":"2021-08-03T20:11:46","date_gmt":"2021-08-03T18:11:46","guid":{"rendered":"http:\/\/www.messinaoggi.it\/website\/?p=75610"},"modified":"2021-08-03T20:12:23","modified_gmt":"2021-08-03T18:12:23","slug":"verita-per-viviana-e-gioele-daniele-mondello-non-e-andata-come-sostiene-la-procura","status":"publish","type":"post","link":"https:\/\/www.messinaoggi.it\/website\/2021\/08\/03\/verita-per-viviana-e-gioele-daniele-mondello-non-e-andata-come-sostiene-la-procura\/","title":{"rendered":"Verit\u00e0 per Viviana e Gioele, Daniele Mondello: &#8220;Non \u00e8 andata come sostiene la Procura&#8221;"},"content":{"rendered":"\n<p>\u201cFacciamo questa manifestazione per dire che vogliamo verit\u00e0 e giustizia perch\u00e9 quello che ha detto la Procura per noi non esiste\u201d.<div id=\"div-gpt-ad-Messinaoggi.it-DSK-300x250-corpoart\" style=\"text-align:center;margin:0 auto;\"><\/div><\/p>\n\n\n\n<p>Lo ha detto Daniele Mondello padre di Gioele e marito di Viviana Parisi a un anno dallo loro scomparsa e morte nelle campagna di Caronia oggi pomeriggio alla Villa comunale di Venetico, dov&#8217;\u00e8 stata organizzata una manifestazione per ricordare la donna e il piccolo di 4 anni.<div id=\"videoincontent\" style=\"clear:both\";><\/div><\/p>\n\n\n\n<p>Nella piazza piena di gente un palco con due mazzi di palloncini bianchi con un pallone dorato e uno rosso al centro con le immagini di Gioele e Viviana. Accanto a Daniele Mondello e a tutti i familiari e molti amici anche i cittadini di Venetico e del resto della provincia.<\/p>\n\n\n\n<p>\u201cSono molto felice che tanta gente mi sia vicino \u2013 prosegue Mondello \u2013 anche dai social ho ricevuto messaggi da tutta Italia. Dopo un periodo di chiusura sono entrato in studio e finalmente ci sono riuscito, ho fatto una melodia e pian piano ho creato il disco per Viviana e Gioele con un mio amico\u201d.<\/p>\n\n\n\n<p>\u201cChiedo alla Procura \u2013 prosegue Mondello \u2013 che faccia fare degli esami ai nostri consulenti il dottore Lavorino e il medico Della Valle. Si tratta esami in 3D sul corpo di Viviana che possono aiutare a scoprire la verit\u00e0\u201d.<\/p>\n\n\n\n<p>\u201cNelle ricerche secondo me hanno sbagliato tutto, sono partite troppo in ritardo, io sono stato tenuto in caserma \u2013 conclude -. Ho saputo che Viviana \u00e8 morta da mezzogiorno alle 20, l\u2019orario in cui io e la mia famiglia eravamo in caserma, mentre potevamo cercarla e trovarla e questo ha compromesso le ricerche\u201d.<\/p>\n\n\n\n<p>\u201cPer ora ci riserviamo sulla opposizione alla richiesta di archiviazione dell\u2019indagine ovviamente ci sono elementi per farla. Ricordo che la Procura nel momento in cui formula la richiesta di archiviazione prospetta per Gioele otto differenti scenari per la morte del bambino\u201d, ha detto Claudio Mondello avvocato e cugino di Daniele Mondello. Claudio Mondello insieme all\u2019altro legale Pietro Venuti vogliono vederci chiaro sulla morte della donna e del piccolo.<\/p>\n\n\n\n<p>\u201cCertamente \u2013 prosegue il legale \u2013 la Procura non sa come, dove, quando e perch\u00e9 \u00e8 morto Gioele. Abbiamo chiesto al gip di fare un esame 3D per realizzare un modello 3D del corpo di Viviana cos\u00ec laddove venisse dissequestrato in via definitiva e si facessero i funerali le prove rimarrebbero tutelate. La Procura si esprime in termini di probabilit\u00e0 quando dice di privilegiare l\u2019ipotesi dell\u2019infanticidio ma non dice quanto sia probabile e d\u00e0 pari dignit\u00e0 a tutte queste alternative\u201d.<\/p>\n\n\n\n<p>\u201cDopo un anno di indagine ci sono ancora aspetti da scandagliare \u2013 continua l\u2019avvocato -. Sono due gli elementi che abbiamo gi\u00e0 rappresentato in una relazione del 30 marzo: la presenza dei cosiddetti denti rosa cio\u00e8 di una sostanza rosacea nei denti sia di Vivana che di Gioele, circostanza che \u00e8 stata confermata dalla Procura che l\u2019ha qualificata come aspecifica. Per\u00f2 l\u2019elemento oggettivo c\u2019\u00e8\u201d.<\/p>\n\n\n\n<p>\u201cPer la letteratura medica dominante significa asfissia per morte per immersione in un fluido. Il secondo elemento \u00e8 la presenza di lesivit\u00e0 sull\u2019asse del volto di Gioele e su una parte del corpo che sono nella stessa regione di quella della mamma \u2013 conclude -. Lo scenario pi\u00f9 probabile, stante anche la qualit\u00e0 delle scarpe intonse sia del bambino che della madre, \u00e8 che siano caduti entrambi nell\u2019immediatezza dei fatti precipitando in un invaso contenente circa 50 centimetri di acqua\u201d.<\/p>\n","protected":false},"excerpt":{"rendered":"<p>\u201cFacciamo questa manifestazione per dire che vogliamo verit\u00e0 e giustizia perch\u00e9 quello che ha detto la Procura per noi non esiste\u201d. Lo ha detto Daniele Mondello padre di Gioele e marito di Viviana Parisi a un anno dallo loro scomparsa e morte nelle campagna di Caronia oggi pomeriggio alla Villa comunale di Venetico, dov&#8217;\u00e8 stata [&hellip;]<\/p>\n","protected":false},"author":4,"featured_media":75613,"comment_status":"open","ping_status":"open","sticky":false,"template":"","format":"standard","meta":{"ub_ctt_via":"","_mi_skip_tracking":false},"categories":[6],"tags":[2718,2720,2719,733],"featured_image_src":"https:\/\/www.messinaoggi.it\/website\/wp-content\/uploads\/2021\/08\/giallo-caronia-verita-per-viviana-parisi-e-gioele.jpg","author_info":{"display_name":"redme","author_link":"https:\/\/www.messinaoggi.it\/website\/author\/redme\/"},"digistream_id":0,"digistream":false,"_links":{"self":[{"href":"https:\/\/www.messinaoggi.it\/website\/wp-json\/wp\/v2\/posts\/75610"}],"collection":[{"href":"https:\/\/www.messinaoggi.it\/website\/wp-json\/wp\/v2\/posts"}],"about":[{"href":"https:\/\/www.messinaoggi.it\/website\/wp-json\/wp\/v2\/types\/post"}],"author":[{"embeddable":true,"href":"https:\/\/www.messinaoggi.it\/website\/wp-json\/wp\/v2\/users\/4"}],"replies":[{"embeddable":true,"href":"https:\/\/www.messinaoggi.it\/website\/wp-json\/wp\/v2\/comments?post=75610"}],"version-history":[{"count":1,"href":"https:\/\/www.messinaoggi.it\/website\/wp-json\/wp\/v2\/posts\/75610\/revisions"}],"predecessor-version":[{"id":75614,"href":"https:\/\/www.messinaoggi.it\/website\/wp-json\/wp\/v2\/posts\/75610\/revisions\/75614"}],"wp:featuredmedia":[{"embeddable":true,"href":"https:\/\/www.messinaoggi.it\/website\/wp-json\/wp\/v2\/media\/75613"}],"wp:attachment":[{"href":"https:\/\/www.messinaoggi.it\/website\/wp-json\/wp\/v2\/media?parent=75610"}],"wp:term":[{"taxonomy":"category","embeddable":true,"href":"https:\/\/www.messinaoggi.it\/website\/wp-json\/wp\/v2\/categories?post=75610"},{"taxonomy":"post_tag","embeddable":true,"href":"https:\/\/www.messinaoggi.it\/website\/wp-json\/wp\/v2\/tags?post=75610"}],"curies":[{"name":"wp","href":"https:\/\/api.w.org\/{rel}","templated":true}]}}