{"id":75245,"date":"2021-08-01T11:02:31","date_gmt":"2021-08-01T09:02:31","guid":{"rendered":"https:\/\/www.messinaoggi.it\/website\/2021\/08\/01\/incendi-in-sicilia-draghi-firma-dpcm-per-mobilitazione-nazionale\/"},"modified":"2021-08-01T11:02:31","modified_gmt":"2021-08-01T09:02:31","slug":"incendi-in-sicilia-draghi-firma-dpcm-per-mobilitazione-nazionale","status":"publish","type":"post","link":"https:\/\/www.messinaoggi.it\/website\/2021\/08\/01\/incendi-in-sicilia-draghi-firma-dpcm-per-mobilitazione-nazionale\/","title":{"rendered":"Incendi in Sicilia, Draghi firma Dpcm per mobilitazione nazionale"},"content":{"rendered":"<div>\n<p>ROMA (ITALPRESS) \u2013 A seguito della richiesta avanzata dalla Regione Siciliana, il presidente del Consiglio Mario Draghi, ha firmato ieri sera il Dpcm con la dichiarazione dello stato di mobilitazione nazionale del sistema di protezione civile. Lo rende nota la Protezone Civile Nazionale.<br \/>\u201cIl Dipartimento \u2013 si legge in una nota \u2013 \u00e8 dunque al lavoro per coordinare l\u2019invio di volontari, delle organizzazioni nazionali e delle colonne mobili regionali, che opereranno a supporto delle attivit\u00e0 di spegnimento dei roghi. Questa mattina si \u00e8 svolta una riunione di aggiornamento durante la quale \u00e8 stata confermata la partenza per la Sicilia, nella giornata di oggi, di squadre provenienti da Emilia Romagna, Friuli Venezia Giulia, Lombardia, Piemonte, Veneto e dalle province autonome di Trento e Bolzano\u201d.<br \/>(ITALPRESS).<div id=\"div-gpt-ad-Messinaoggi.it-DSK-300x250-corpoart\" style=\"text-align:center;margin:0 auto;\"><\/div><\/p>\n<\/div>\n<div id=\"videoincontent\" style=\"clear:both\";><\/div>","protected":false},"excerpt":{"rendered":"<p>ROMA (ITALPRESS) \u2013 A seguito della richiesta avanzata dalla Regione Siciliana, il presidente del Consiglio Mario Draghi, ha firmato ieri sera il Dpcm con la dichiarazione dello stato di mobilitazione nazionale del sistema di protezione civile. Lo rende nota la Protezone Civile Nazionale.\u201cIl Dipartimento \u2013 si legge in una nota \u2013 \u00e8 dunque al lavoro [&hellip;]<\/p>\n","protected":false},"author":18,"featured_media":75246,"comment_status":"closed","ping_status":"closed","sticky":false,"template":"","format":"standard","meta":{"ub_ctt_via":"","_mi_skip_tracking":false},"categories":[2449],"tags":[783],"featured_image_src":"https:\/\/www.messinaoggi.it\/website\/wp-content\/uploads\/2021\/08\/20210801_0217.jpg","author_info":{"display_name":"Admin","author_link":"https:\/\/www.messinaoggi.it\/website\/author\/admin\/"},"digistream_id":0,"digistream":false,"_links":{"self":[{"href":"https:\/\/www.messinaoggi.it\/website\/wp-json\/wp\/v2\/posts\/75245"}],"collection":[{"href":"https:\/\/www.messinaoggi.it\/website\/wp-json\/wp\/v2\/posts"}],"about":[{"href":"https:\/\/www.messinaoggi.it\/website\/wp-json\/wp\/v2\/types\/post"}],"author":[{"embeddable":true,"href":"https:\/\/www.messinaoggi.it\/website\/wp-json\/wp\/v2\/users\/18"}],"replies":[{"embeddable":true,"href":"https:\/\/www.messinaoggi.it\/website\/wp-json\/wp\/v2\/comments?post=75245"}],"version-history":[{"count":0,"href":"https:\/\/www.messinaoggi.it\/website\/wp-json\/wp\/v2\/posts\/75245\/revisions"}],"wp:featuredmedia":[{"embeddable":true,"href":"https:\/\/www.messinaoggi.it\/website\/wp-json\/wp\/v2\/media\/75246"}],"wp:attachment":[{"href":"https:\/\/www.messinaoggi.it\/website\/wp-json\/wp\/v2\/media?parent=75245"}],"wp:term":[{"taxonomy":"category","embeddable":true,"href":"https:\/\/www.messinaoggi.it\/website\/wp-json\/wp\/v2\/categories?post=75245"},{"taxonomy":"post_tag","embeddable":true,"href":"https:\/\/www.messinaoggi.it\/website\/wp-json\/wp\/v2\/tags?post=75245"}],"curies":[{"name":"wp","href":"https:\/\/api.w.org\/{rel}","templated":true}]}}