{"id":75205,"date":"2021-07-31T20:02:32","date_gmt":"2021-07-31T18:02:32","guid":{"rendered":"https:\/\/www.messinaoggi.it\/website\/2021\/07\/31\/incendi-conapo-regione-sicilia-snobba-vigili-del-fuoco-e-poi-piange\/"},"modified":"2021-07-31T20:02:32","modified_gmt":"2021-07-31T18:02:32","slug":"incendi-conapo-regione-sicilia-snobba-vigili-del-fuoco-e-poi-piange","status":"publish","type":"post","link":"https:\/\/www.messinaoggi.it\/website\/2021\/07\/31\/incendi-conapo-regione-sicilia-snobba-vigili-del-fuoco-e-poi-piange\/","title":{"rendered":"Incendi, Conapo \u201cRegione Sicilia snobba vigili del fuoco e poi piange\u201d"},"content":{"rendered":"<div>\n<p>PALERMO (ITALPRESS) \u2013 \u201cIn Sicilia siamo alle solite, ogni anno la storia si ripete e poi si tenta di chiudere la stalla a buoi scappati. Diligenza vorrebbe che bisognerebbe parlare in tempo di pace di misure di prevenzione e attivare per tempo la convenzione Regione-Vigili del Fuoco prevista dalla legge 53 del 2000 per il potenziamento delle squadre di spegnimento ma ovviamente anche quest\u2019anno, come avvenuto negli anni scorsi, ci\u00f2 non \u00e8 stato fatto e ad oggi la convenzione non \u00e8 attivata con il risultato di avere meno vigili del fuoco pronti nei primi momenti degli incendi e poi chiedere a Roma stato di emergenza perch\u00e8 sul territorio mancava chi poteva spegnere sul nascere. Certo i piromani fanno la loro maledetta parte ma una amministrazione previdente deve mettere nel conto e contrastare anche il rischio piromani\u201d. Lo dichiara Giuseppe Musarra, segretario per la Sicilia del sindacato Conapo dei Vigili del Fuoco, in merito alla richiesta odierna al premier Mario Draghi da parte del presidente Nello Musumeci di dichiarare lo stato di mobilitazione della Protezione Civile, il cui riconoscimento determinerebbe un concorso straordinario di risorse extra-regionali sia in termini di uomini sia di mezzi appartenenti ai vigili del fuoco e al volontariato.<br \/>\u201cOgni anno \u2013 spiega Musarra \u2013 si arriva impreparati nel pieno della stagione incendi e poi si spera nello stato di emergenza affinch\u00e8 intervenga Roma. Chiediamo al presidente della regione Sicilia Musumeci per quale ragione ad oggi 31 Luglio non ha ancora attivato il finanziamento delle squadre aggiuntive antincendio dei vigili del fuoco?  Non servivano ?  Peccato che gli incendi in atto dimostrano l\u2019esatto contrario e intanto la Sicilia brucia con danni irreversibili al territorio e alle attivit\u00e0 produttive, non \u00e8 possibile agire sempre quando i danni sono fatti\u201d.<br \/>(ITALPRESS).<div id=\"div-gpt-ad-Messinaoggi.it-DSK-300x250-corpoart\" style=\"text-align:center;margin:0 auto;\"><\/div><\/p>\n<\/div>\n<div id=\"videoincontent\" style=\"clear:both\";><\/div>","protected":false},"excerpt":{"rendered":"<p>PALERMO (ITALPRESS) \u2013 \u201cIn Sicilia siamo alle solite, ogni anno la storia si ripete e poi si tenta di chiudere la stalla a buoi scappati. Diligenza vorrebbe che bisognerebbe parlare in tempo di pace di misure di prevenzione e attivare per tempo la convenzione Regione-Vigili del Fuoco prevista dalla legge 53 del 2000 per il [&hellip;]<\/p>\n","protected":false},"author":18,"featured_media":75206,"comment_status":"closed","ping_status":"closed","sticky":false,"template":"","format":"standard","meta":{"ub_ctt_via":"","_mi_skip_tracking":false},"categories":[2449],"tags":[783],"featured_image_src":"https:\/\/www.messinaoggi.it\/website\/wp-content\/uploads\/2021\/07\/20210731_1945.jpg","author_info":{"display_name":"Admin","author_link":"https:\/\/www.messinaoggi.it\/website\/author\/admin\/"},"digistream_id":0,"digistream":false,"_links":{"self":[{"href":"https:\/\/www.messinaoggi.it\/website\/wp-json\/wp\/v2\/posts\/75205"}],"collection":[{"href":"https:\/\/www.messinaoggi.it\/website\/wp-json\/wp\/v2\/posts"}],"about":[{"href":"https:\/\/www.messinaoggi.it\/website\/wp-json\/wp\/v2\/types\/post"}],"author":[{"embeddable":true,"href":"https:\/\/www.messinaoggi.it\/website\/wp-json\/wp\/v2\/users\/18"}],"replies":[{"embeddable":true,"href":"https:\/\/www.messinaoggi.it\/website\/wp-json\/wp\/v2\/comments?post=75205"}],"version-history":[{"count":0,"href":"https:\/\/www.messinaoggi.it\/website\/wp-json\/wp\/v2\/posts\/75205\/revisions"}],"wp:featuredmedia":[{"embeddable":true,"href":"https:\/\/www.messinaoggi.it\/website\/wp-json\/wp\/v2\/media\/75206"}],"wp:attachment":[{"href":"https:\/\/www.messinaoggi.it\/website\/wp-json\/wp\/v2\/media?parent=75205"}],"wp:term":[{"taxonomy":"category","embeddable":true,"href":"https:\/\/www.messinaoggi.it\/website\/wp-json\/wp\/v2\/categories?post=75205"},{"taxonomy":"post_tag","embeddable":true,"href":"https:\/\/www.messinaoggi.it\/website\/wp-json\/wp\/v2\/tags?post=75205"}],"curies":[{"name":"wp","href":"https:\/\/api.w.org\/{rel}","templated":true}]}}