{"id":7516,"date":"2017-09-10T10:56:29","date_gmt":"2017-09-10T08:56:29","guid":{"rendered":"http:\/\/www.messinaoggi.it\/website\/?p=7516"},"modified":"2017-09-10T10:56:29","modified_gmt":"2017-09-10T08:56:29","slug":"alfano-promuove-ardizzone-sara-capolista-a-messina-per-noi-e-motivo-dorgoglio","status":"publish","type":"post","link":"https:\/\/www.messinaoggi.it\/website\/2017\/09\/10\/alfano-promuove-ardizzone-sara-capolista-a-messina-per-noi-e-motivo-dorgoglio\/","title":{"rendered":"Alfano promuove Ardizzone: &quot;Sar\u00e0 capolista a Messina, per noi \u00e8 motivo d&#039;orgoglio&quot;"},"content":{"rendered":"<p>&#8220;Giovanni Ardizzone sar\u00e0 il capolista dei moderati a\u00a0Messina&#8221;. Lo ha annunciato il leader di Ap, Angelino Alfano, a Palermo alla presenza del presidente dell&#8217;Ars Giovanni Ardizzone, esponente di punta dei &#8220;Centristi per l&#8217;Europa.<br \/>\nAlfano non teme le fughe dal partito e guarda avanti con ottimismo:&#8221;Abbiamo fatto la scelta di innovare le lista: ci saranno alcuni deputati uscenti che non saranno candidati&#8221; ha proseguito e poi, riferendosi all&#8217;attuale presidente dell&#8217;Ars Giovanni Ardizzone, ha aggiunto: &#8220;per noi sar\u00e0 un privilegio avere Ardizzone come capolista nella lista di\u00a0Messina ed \u00e8 motivo di orgoglio che lui abbia accettato di farlo&#8221;<div id=\"div-gpt-ad-Messinaoggi.it-DSK-300x250-corpoart\" style=\"text-align:center;margin:0 auto;\"><\/div><\/p>\n<div id=\"videoincontent\" style=\"clear:both\";><\/div>","protected":false},"excerpt":{"rendered":"<p>&#8220;Giovanni Ardizzone sar\u00e0 il capolista dei moderati a\u00a0Messina&#8221;. Lo ha annunciato il leader di Ap, Angelino Alfano, a Palermo alla presenza del presidente dell&#8217;Ars Giovanni Ardizzone, esponente di punta dei &#8220;Centristi per l&#8217;Europa. Alfano non teme le fughe dal partito e guarda avanti con ottimismo:&#8221;Abbiamo fatto la scelta di innovare le lista: ci saranno alcuni [&hellip;]<\/p>\n","protected":false},"author":2,"featured_media":2158,"comment_status":"closed","ping_status":"open","sticky":false,"template":"","format":"standard","meta":{"ub_ctt_via":"","_mi_skip_tracking":false},"categories":[4],"tags":[],"featured_image_src":"https:\/\/www.messinaoggi.it\/website\/wp-content\/uploads\/2017\/06\/angelino-alfano-su-taormina-2.jpg","author_info":{"display_name":"Redazione","author_link":"https:\/\/www.messinaoggi.it\/website\/author\/redazione\/"},"digistream_id":0,"digistream":false,"_links":{"self":[{"href":"https:\/\/www.messinaoggi.it\/website\/wp-json\/wp\/v2\/posts\/7516"}],"collection":[{"href":"https:\/\/www.messinaoggi.it\/website\/wp-json\/wp\/v2\/posts"}],"about":[{"href":"https:\/\/www.messinaoggi.it\/website\/wp-json\/wp\/v2\/types\/post"}],"author":[{"embeddable":true,"href":"https:\/\/www.messinaoggi.it\/website\/wp-json\/wp\/v2\/users\/2"}],"replies":[{"embeddable":true,"href":"https:\/\/www.messinaoggi.it\/website\/wp-json\/wp\/v2\/comments?post=7516"}],"version-history":[{"count":0,"href":"https:\/\/www.messinaoggi.it\/website\/wp-json\/wp\/v2\/posts\/7516\/revisions"}],"wp:featuredmedia":[{"embeddable":true,"href":"https:\/\/www.messinaoggi.it\/website\/wp-json\/wp\/v2\/media\/2158"}],"wp:attachment":[{"href":"https:\/\/www.messinaoggi.it\/website\/wp-json\/wp\/v2\/media?parent=7516"}],"wp:term":[{"taxonomy":"category","embeddable":true,"href":"https:\/\/www.messinaoggi.it\/website\/wp-json\/wp\/v2\/categories?post=7516"},{"taxonomy":"post_tag","embeddable":true,"href":"https:\/\/www.messinaoggi.it\/website\/wp-json\/wp\/v2\/tags?post=7516"}],"curies":[{"name":"wp","href":"https:\/\/api.w.org\/{rel}","templated":true}]}}