{"id":75075,"date":"2021-07-30T17:32:33","date_gmt":"2021-07-30T15:32:33","guid":{"rendered":"https:\/\/www.messinaoggi.it\/website\/2021\/07\/30\/criticita-finanziarie-dei-comuni-a-palermo-il-viceministro-castelli\/"},"modified":"2021-07-30T17:32:33","modified_gmt":"2021-07-30T15:32:33","slug":"criticita-finanziarie-dei-comuni-a-palermo-il-viceministro-castelli","status":"publish","type":"post","link":"https:\/\/www.messinaoggi.it\/website\/2021\/07\/30\/criticita-finanziarie-dei-comuni-a-palermo-il-viceministro-castelli\/","title":{"rendered":"Criticit\u00e0 finanziarie dei Comuni, a Palermo il viceministro Castelli"},"content":{"rendered":"<div>\n<p>PALERMO (ITALPRESS) \u2013 \u201cL\u2019attenzione del viceministro Castelli per le difficolt\u00e0 finanziarie e gestionali dei Comuni siciliano \u00e8 un segnale molto importante. Marted\u00ec, dal tavolo ministeriale che abbiamo richiesto da anni e finalmente ottenuto, ci aspettiamo interventi concreti\u201d. Lo ha detto il sindaco della Citt\u00e0 e della Citt\u00e0 Metropolitana di Palermo, Leoluca Orlando, a margine dell\u2019incontro tra il viceministro dell\u2019Economia e delle Finanze, Laura Castelli e i Sindaci della Citt\u00e0 Metropolitana di Palermo. Oggetto dell\u2019incontro \u00e8 stata la drammatica situazione di criticit\u00e0 finanziaria che stritola gli enti locali siciliani incapaci di garantire i livelli essenziali delle prestazioni ai cittadini; conferma di tale incapacit\u00e0 \u00e8 la impossibilit\u00e0 per la gran parte dei comuni dell\u2019isola (solo 70 su 380 hanno approvato i bilanci 2021) nell\u2019approvare gli strumenti finanziari, in particolare il bilancio di previsione. Il sindaco Leoluca Orlando manifestando al viceministro le cause di questi problemi, in particolare la mancata previsione di meccanismi perequativi che compensino la scarsa capacit\u00e0 fiscale dei territori siciliani, l\u2019inadeguatezza del sistema di Riscossione Sicilia e le profonde carenze di personale qualificato, ha sottolineato l\u2019importanza di una proroga della data dell\u2019approvazione dei bilanci fissata per domani 31 luglio e ha ricordato che \u201cle mancate riscossioni obbligano i comuni ad accantonare risorse al Fondo crediti dubbia esigibilit\u00e0 ai danni della spesa per i servizi\u201d. \u201cI Comuni \u2013 ha  aggiunto Orlando \u2013 sono pronti a cedere tutti i crediti relativi al Fondo di dubbia esigibilit\u00e0 allo Stato senza avere nulla in cambio. E\u201d una proposta che ha lo scopo di far emergere la assurdit\u00e0 della penalizzazione finanziaria per inadempienza del sistema di riscossione non da parte dei Comuni ma da parte di una Societ\u00e0 regionale. Vogliamo poter pensare al futuro delle nostre citt\u00e0 e dei nostri cittadini. Questo \u00e8 un problema che investe tutte le aree deboli del paese e non solo il Sud. Per la Sicilia \u00e8 un problema che \u00e8 pesantemente collegato alla speciale autonomia siciliana e nel rispetto di questa speciale autonomia deve trovare la necessaria armonizzazione con la finanza statale\u201d. Per il viceministro Castelli: \u201cOltre a qualche norma economica che va indubbiamente fatta, credo sia importante stringere un patto nuovo per riprendere in mano la contabilit\u00e0 e la gestione dei Comuni. E gli strumenti finanziari non mancano. Bisogna tornare a fare muovere l\u2019economia \u2013 ha aggiunto \u2013 capire cosa succede nel bilancio della Regione Sicilia e applicare i costi standard che, ancora, in Sicilia non sono stati applicati. Non \u00e8 pensabile \u2013 ha concluso \u2013 lasciare da soli i comuni siciliani. L\u2019obiettivo \u00e8 mettere a punto una serie di interventi che in maniera strutturale siano in grado di garantire l\u2019erogazione di servizi essenziali\u201d.<br \/>(ITALPRESS).<div id=\"div-gpt-ad-Messinaoggi.it-DSK-300x250-corpoart\" style=\"text-align:center;margin:0 auto;\"><\/div><\/p>\n<\/div>\n<div id=\"videoincontent\" style=\"clear:both\";><\/div>","protected":false},"excerpt":{"rendered":"<p>PALERMO (ITALPRESS) \u2013 \u201cL\u2019attenzione del viceministro Castelli per le difficolt\u00e0 finanziarie e gestionali dei Comuni siciliano \u00e8 un segnale molto importante. Marted\u00ec, dal tavolo ministeriale che abbiamo richiesto da anni e finalmente ottenuto, ci aspettiamo interventi concreti\u201d. Lo ha detto il sindaco della Citt\u00e0 e della Citt\u00e0 Metropolitana di Palermo, Leoluca Orlando, a margine dell\u2019incontro [&hellip;]<\/p>\n","protected":false},"author":18,"featured_media":75076,"comment_status":"closed","ping_status":"closed","sticky":false,"template":"","format":"standard","meta":{"ub_ctt_via":"","_mi_skip_tracking":false},"categories":[2449],"tags":[783],"featured_image_src":"https:\/\/www.messinaoggi.it\/website\/wp-content\/uploads\/2021\/07\/20210730_1956.jpg","author_info":{"display_name":"Admin","author_link":"https:\/\/www.messinaoggi.it\/website\/author\/admin\/"},"digistream_id":0,"digistream":false,"_links":{"self":[{"href":"https:\/\/www.messinaoggi.it\/website\/wp-json\/wp\/v2\/posts\/75075"}],"collection":[{"href":"https:\/\/www.messinaoggi.it\/website\/wp-json\/wp\/v2\/posts"}],"about":[{"href":"https:\/\/www.messinaoggi.it\/website\/wp-json\/wp\/v2\/types\/post"}],"author":[{"embeddable":true,"href":"https:\/\/www.messinaoggi.it\/website\/wp-json\/wp\/v2\/users\/18"}],"replies":[{"embeddable":true,"href":"https:\/\/www.messinaoggi.it\/website\/wp-json\/wp\/v2\/comments?post=75075"}],"version-history":[{"count":0,"href":"https:\/\/www.messinaoggi.it\/website\/wp-json\/wp\/v2\/posts\/75075\/revisions"}],"wp:featuredmedia":[{"embeddable":true,"href":"https:\/\/www.messinaoggi.it\/website\/wp-json\/wp\/v2\/media\/75076"}],"wp:attachment":[{"href":"https:\/\/www.messinaoggi.it\/website\/wp-json\/wp\/v2\/media?parent=75075"}],"wp:term":[{"taxonomy":"category","embeddable":true,"href":"https:\/\/www.messinaoggi.it\/website\/wp-json\/wp\/v2\/categories?post=75075"},{"taxonomy":"post_tag","embeddable":true,"href":"https:\/\/www.messinaoggi.it\/website\/wp-json\/wp\/v2\/tags?post=75075"}],"curies":[{"name":"wp","href":"https:\/\/api.w.org\/{rel}","templated":true}]}}